{"id":1120,"date":"2019-11-29T12:59:17","date_gmt":"2019-11-29T11:59:17","guid":{"rendered":"http:\/\/conafed.org\/?p=1120"},"modified":"2019-11-29T23:45:14","modified_gmt":"2019-11-29T22:45:14","slug":"du-26-au-29-novembre-2019-a-kinshasa-tenue-du-deuxieme-forum-national-de-la-societe-civile-de-la-rdc","status":"publish","type":"post","link":"http:\/\/conafed.org\/index.php\/2019\/11\/29\/du-26-au-29-novembre-2019-a-kinshasa-tenue-du-deuxieme-forum-national-de-la-societe-civile-de-la-rdc\/","title":{"rendered":"Du 26 au 29 novembre 2019 \u00e0 Kinshasa : Tenue du deuxi\u00e8me Forum National de la Soci\u00e9t\u00e9 Civile de la RDC"},"content":{"rendered":"\n<p>Il se tient du 26 au 29 novembre 2019 au Pullman H\u00f4tel \u00e0 Kinshasa, la deuxi\u00e8me \u00e9dition du Forum National de la Soci\u00e9t\u00e9 Civile de la RDC. Le th\u00e8me choisi est : \u00ab <em>Repenser le r\u00f4le de la soci\u00e9t\u00e9 civile en RDC<\/em>&nbsp;\u00bb. Ces assises s\u2019inscrivent dans le cadre du Programme d'appui au renforcement des capacit\u00e9s du Cadre de Concertation National de la Soci\u00e9t\u00e9 Civile de la RDC mis en \u0153uvre par le consortium D3C: Diakonia, Caritas, CENADEP, CCNSC avec l'appui de l'UE.<\/p>\n\n\n\n<ul class=\"wp-container-2 wp-block-gallery-1 wp-block-gallery columns-1 is-cropped\"><li class=\"blocks-gallery-item\"><figure><img loading=\"lazy\" width=\"720\" height=\"399\" src=\"http:\/\/conafed.org\/wp-content\/uploads\/2019\/11\/forum-5-720x399.jpg\" alt=\"\" data-id=\"1123\" data-link=\"http:\/\/conafed.org\/?attachment_id=1123\" class=\"wp-image-1123\"\/><figcaption>Quelques orateurs<\/figcaption><\/figure><\/li><\/ul>\n\n\n\n<p>Selon\nl\u2019ambassadeur de l\u2019Union Europ\u00e9enne en R\u00e9publique d\u00e9mocratique du Congo, Jean-Marc\nChateigner, l<em>es pr\u00e9sentes assises se tiennent\ndans un contexte particulier marqu\u00e9 par la premi\u00e8re transition pacifique du\npouvoir \u00e0 la suite des \u00e9lections tenues en d\u00e9cembre 2018. \u00ab&nbsp;<\/em><em>Ce processus\nn\u2019aurait pu r\u00e9ussir sans l\u2019engagement de centaines de milliers de femmes et\nd\u2019hommes de la soci\u00e9t\u00e9 civile congolaise pour la d\u00e9fense de leurs id\u00e9aux et\nvaleurs&nbsp;<\/em><em>\u00bb, a-t-il ajout\u00e9. Il a,\n\u00e0 cette occasion d\u00e9di\u00e9 ce forum &nbsp;\u00e0 tous les\ncitoyens-acteurs de la d\u00e9mocratie, dont certains ont perdu la vie dans leur\ncombat pour la libert\u00e9. <\/em><\/p>\n\n\n\n<ul class=\"wp-container-4 wp-block-gallery-3 wp-block-gallery columns-1 is-cropped\"><li class=\"blocks-gallery-item\"><figure><img loading=\"lazy\" width=\"720\" height=\"399\" src=\"http:\/\/conafed.org\/wp-content\/uploads\/2019\/11\/forum4-720x399.jpg\" alt=\"\" data-id=\"1125\" data-link=\"http:\/\/conafed.org\/?attachment_id=1125\" class=\"wp-image-1125\"\/><\/figure><\/li><\/ul>\n\n\n\n<p>\u00ab&nbsp;<em>L\u2019Union europ\u00e9enne vise soutenir la soci\u00e9t\u00e9 civile congolaise dans\nsa triple-mission de prestataire de services sociaux de base; d\u2019actrice de\ngouvernance pour une croissance inclusive et durable \u00e0 travers sa participation\naux dialogues sur les politiques publiques, conform\u00e9ment \u00e0 l\u2019Accord de Cotonou\nqui nous lie et d\u2019actrice naturelle de changement par le dialogue et la veille\ncitoyenne. La soci\u00e9t\u00e9 civile de la RDC aspire \u00e0 travailler dans l\u2019unit\u00e9, \u00e0 \u00eatre\nforte et professionnelle. Nous ne pouvons que l\u2019encourager dans ce sens&nbsp;\u00bb,<\/em>&nbsp;a\nsoulign\u00e9 l\u2019ambassadeur de l\u2019UE en RDC.<\/p>\n\n\n\n<p>Pour\nlui, la force de la soci\u00e9t\u00e9 civile peut s\u2019\u00e9valuer aux combats qu\u2019elle se\nchoisit de mener et qu\u2019elle a d\u00e9j\u00e0 remport\u00e9, mais aussi de sa capacit\u00e9 de\nr\u00e9silience face \u00e0 l\u2019adversit\u00e9. La soci\u00e9t\u00e9 civile congolaise est forte de plus\nde 90 millions de citoyens organis\u00e9s \u00e0 travers pr\u00e8s de 45 000 organisations de\nla soci\u00e9t\u00e9 civile, dont seulement 15.000 sont l\u00e9galement formalis\u00e9es ou en voie\nde l\u2019\u00eatre. Ces organisations sont de toutes tailles parsem\u00e9es dans tous les\ncoins de la R\u00e9publique. Elle d\u00e9tient une profonde et riche connaissance des\nr\u00e9alit\u00e9s du pays, compl\u00e9mentaire de celle des autres parties prenantes au\nd\u00e9veloppement, comme l\u2019Etat. \u00ab&nbsp;<em>Nous devons\n\u00e9couter cette voix. Nous sommes l\u00e0, nous les partenaires de la R\u00e9publique\nD\u00e9mocratique du Congo pour apprendre de vous et vous \u00e9couter comme des\npartenaires. Nous avons des le\u00e7ons \u00e0 tirer sur les r\u00e9sultats actuels des\npartenariats&nbsp;\u00bb, <\/em><em>a-t-il not\u00e9<\/em><em>.<\/em><\/p>\n\n\n\n<p>Il sied de noter que le\nComit\u00e9 National Femme et D\u00e9veloppement (CONAFED) prend \u00e9galement part \u00e0 ces\nassises \u00e0 travers sa Secr\u00e9taire Permanente, Jeanne Nzuzi Nsamba. Cette deuxi\u00e8me\n\u00e9dition du Forum National de la Soci\u00e9t\u00e9 Civile de la RDC se cl\u00f4ture ce vendredi\n29 novembre 2019.<\/p>\n\n\n\n<p style=\"text-align:right\"><strong>G\u00e9nie Mulobo<\/strong><\/p>\n","protected":false},"excerpt":{"rendered":"<p>Il se tient du 26 au 29 novembre 2019 au Pullman H\u00f4tel \u00e0 Kinshasa, la deuxi\u00e8me \u00e9dition du Forum National de la Soci\u00e9t\u00e9 Civile de la RDC. Le th\u00e8me choisi est : \u00ab Repenser le r\u00f4le de la soci\u00e9t\u00e9 civile en RDC&nbsp;\u00bb. Ces assises s\u2019inscrivent dans le cadre du Programme d&#8217;appui au renforcement des capacit\u00e9s [&hellip;]<\/p>\n","protected":false},"author":1,"featured_media":1122,"comment_status":"open","ping_status":"open","sticky":false,"template":"","format":"standard","meta":[],"categories":[3,2,4,10,13],"tags":[],"_links":{"self":[{"href":"http:\/\/conafed.org\/index.php\/wp-json\/wp\/v2\/posts\/1120"}],"collection":[{"href":"http:\/\/conafed.org\/index.php\/wp-json\/wp\/v2\/posts"}],"about":[{"href":"http:\/\/conafed.org\/index.php\/wp-json\/wp\/v2\/types\/post"}],"author":[{"embeddable":true,"href":"http:\/\/conafed.org\/index.php\/wp-json\/wp\/v2\/users\/1"}],"replies":[{"embeddable":true,"href":"http:\/\/conafed.org\/index.php\/wp-json\/wp\/v2\/comments?post=1120"}],"version-history":[{"count":4,"href":"http:\/\/conafed.org\/index.php\/wp-json\/wp\/v2\/posts\/1120\/revisions"}],"predecessor-version":[{"id":1128,"href":"http:\/\/conafed.org\/index.php\/wp-json\/wp\/v2\/posts\/1120\/revisions\/1128"}],"wp:featuredmedia":[{"embeddable":true,"href":"http:\/\/conafed.org\/index.php\/wp-json\/wp\/v2\/media\/1122"}],"wp:attachment":[{"href":"http:\/\/conafed.org\/index.php\/wp-json\/wp\/v2\/media?parent=1120"}],"wp:term":[{"taxonomy":"category","embeddable":true,"href":"http:\/\/conafed.org\/index.php\/wp-json\/wp\/v2\/categories?post=1120"},{"taxonomy":"post_tag","embeddable":true,"href":"http:\/\/conafed.org\/index.php\/wp-json\/wp\/v2\/tags?post=1120"}],"curies":[{"name":"wp","href":"https:\/\/api.w.org\/{rel}","templated":true}]}}