{"id":2809,"date":"2023-11-20T13:53:23","date_gmt":"2023-11-20T12:53:23","guid":{"rendered":"http:\/\/conafed.org\/?p=2809"},"modified":"2023-11-20T13:53:32","modified_gmt":"2023-11-20T12:53:32","slug":"le-conafed-initie-un-partenariat-public-prive-pour-garantir-la-securite-sociale-des-acteurs-de-la-societe-civile-et-du-secteur-informel","status":"publish","type":"post","link":"http:\/\/conafed.org\/index.php\/2023\/11\/20\/le-conafed-initie-un-partenariat-public-prive-pour-garantir-la-securite-sociale-des-acteurs-de-la-societe-civile-et-du-secteur-informel\/","title":{"rendered":"Le CONAFED initie un partenariat public-priv\u00e9 pour garantir la s\u00e9curit\u00e9 sociale des acteurs de la Soci\u00e9t\u00e9 Civile et du secteur informel"},"content":{"rendered":"\n<p>Le Comit\u00e9 National Femme et D\u00e9veloppement, <strong>CONAFED,<\/strong> a organis\u00e9, vendredi 17 novembre 2023, une r\u00e9union de mise en place du Partenariat-Public-Priv\u00e9 relatif \u00e0 la s\u00e9curit\u00e9 sociale en faveur des acteurs de la Soci\u00e9t\u00e9 Civile.<\/p>\n\n\n\n<p>Avec l\u2019appui d\u2019Olof Palme Center, cette r\u00e9union a connu la participation du personnel qualifi\u00e9 \u0153uvrant dans le domaine de la s\u00e9curit\u00e9 sociale&nbsp;; de la Direction des Mutuelles et Assurances, DMA&nbsp;; des experts, consultants ind\u00e9pendants&nbsp;; animateurs des mutuelles et celle de la Soci\u00e9t\u00e9 Civile. Aussi, du Coordonnateur national du programme Olof Palme Center en R\u00e9publique D\u00e9mocratique du Congo.<\/p>\n\n\n\n<p>L\u2019objectif a \u00e9t\u00e9 de Contribuer \u00e0 la garantie de la s\u00e9curit\u00e9 sociale des acteurs de la soci\u00e9t\u00e9 civile et des informels en RD Congo \u00e0 travers le partenariat public-priv\u00e9.<\/p>\n\n\n\n<figure class=\"wp-block-image size-large\"><img loading=\"lazy\" width=\"720\" height=\"399\" src=\"http:\/\/conafed.org\/wp-content\/uploads\/2023\/11\/OPC-2-720x399.jpg\" alt=\"\" class=\"wp-image-2811\"\/><figcaption><strong><em>Le Coordonnateur national d'OPC en RDC pr\u00e9sentant l'exp\u00e9rience d'OPC dans les mutuelles et assurance<\/em><\/strong><\/figcaption><\/figure>\n\n\n\n<p>Apr\u00e8s le mot de bienvenu et la pr\u00e9sentation du projet par la Secr\u00e9taire Permanente du CONAFED, Mme Jeanne Nzuzi, les participantes et participants ont \u00e9t\u00e9 \u00e9difi\u00e9s par les interventions des diff\u00e9rents orateurs. Il s\u2019agit entre autres de la Politique et exp\u00e9riences d'Olof Palme Center dans les mutuelles et assurances &nbsp;faite par Mr. Martin Buch, Coordonnateur du programme OPC en RDC; le partenariat public-priv\u00e9, une solution pour la s\u00e9curit\u00e9 sociale des acteurs de la soci\u00e9t\u00e9 civile, pr\u00e9sent\u00e9 par le professeur GUY KALASI. En outre, Dr. Samuel KILUMU KINKERE du minist\u00e8re de la Sant\u00e9 qui a partag\u00e9 les exp\u00e9riences r\u00e9ussies, les bonnes pratiques et le\u00e7ons apprises. Et le partenariat public-priv\u00e9, les opportunit\u00e9s, les conditions du partenariat requises pour la RDC a \u00e9t\u00e9 fait par&nbsp; Mr. Vital KABEYA IBANDA, Directeur de la Direction des Mutuelles et Assurances, DMA.<\/p>\n\n\n\n<figure class=\"wp-block-image size-large\"><img loading=\"lazy\" width=\"720\" height=\"399\" src=\"http:\/\/conafed.org\/wp-content\/uploads\/2023\/11\/opc1-1-720x399.jpg\" alt=\"\" class=\"wp-image-2812\"\/><figcaption><strong><em>Des intervenants et participants \u00e0 cette r\u00e9union<\/em><\/strong><\/figcaption><\/figure>\n\n\n\n<p>Il sied de signaler que la s\u00e9curit\u00e9 sociale des animateurs des ONG et associations de d\u00e9veloppement \u00e0 caract\u00e8re social et \u00e9conomique ainsi que des paysans ordinaires interpelle les acteurs de la soci\u00e9t\u00e9 civile, les partenaires au d\u00e9veloppement et le gouvernement quant \u00e0 leur retraite. L\u2019instabilit\u00e9 du personnel d\u00fb au manque d\u2019assurance relative \u00e0 la s\u00e9curit\u00e9 sociale du fait que le mouvement associatif n\u2019offre pas suffisamment de garantie de s\u00e9curit\u00e9 sociale a cr\u00e9\u00e9 une incertitude quant \u00e0 l\u2019avenir dudit mouvement.<\/p>\n\n\n\n<p>Cette situation interpelle le Conafed. Raison pour laquelle, cette structure qui milite pour la promotion des droits humains a voulu amener les leaders des organisations et associations paysannes et autres \u00e0 pr\u00e9dominance f\u00e9minine d\u2019une part, \u00e0 r\u00e9fl\u00e9chir et \u00e0 proposer ensemble avec les services techniques de l\u2019Etat, des dispositions pertinentes et adapt\u00e9es pour promouvoir un partenariat franc pour l\u2019int\u00e9r\u00eat de la population active.<\/p>\n\n\n\n<p class=\"has-text-align-right\"><strong>G\u00e9nie Mulobo<\/strong><\/p>\n","protected":false},"excerpt":{"rendered":"<p>Le Comit\u00e9 National Femme et D\u00e9veloppement, CONAFED, a organis\u00e9, vendredi 17 novembre 2023, une r\u00e9union de mise en place du Partenariat-Public-Priv\u00e9 relatif \u00e0 la s\u00e9curit\u00e9 sociale en faveur des acteurs de la Soci\u00e9t\u00e9 Civile. Avec l\u2019appui d\u2019Olof Palme Center, cette r\u00e9union a connu la participation du personnel qualifi\u00e9 \u0153uvrant dans le domaine de la s\u00e9curit\u00e9 [&hellip;]<\/p>\n","protected":false},"author":1,"featured_media":2810,"comment_status":"open","ping_status":"open","sticky":false,"template":"","format":"standard","meta":[],"categories":[3],"tags":[],"_links":{"self":[{"href":"http:\/\/conafed.org\/index.php\/wp-json\/wp\/v2\/posts\/2809"}],"collection":[{"href":"http:\/\/conafed.org\/index.php\/wp-json\/wp\/v2\/posts"}],"about":[{"href":"http:\/\/conafed.org\/index.php\/wp-json\/wp\/v2\/types\/post"}],"author":[{"embeddable":true,"href":"http:\/\/conafed.org\/index.php\/wp-json\/wp\/v2\/users\/1"}],"replies":[{"embeddable":true,"href":"http:\/\/conafed.org\/index.php\/wp-json\/wp\/v2\/comments?post=2809"}],"version-history":[{"count":1,"href":"http:\/\/conafed.org\/index.php\/wp-json\/wp\/v2\/posts\/2809\/revisions"}],"predecessor-version":[{"id":2813,"href":"http:\/\/conafed.org\/index.php\/wp-json\/wp\/v2\/posts\/2809\/revisions\/2813"}],"wp:featuredmedia":[{"embeddable":true,"href":"http:\/\/conafed.org\/index.php\/wp-json\/wp\/v2\/media\/2810"}],"wp:attachment":[{"href":"http:\/\/conafed.org\/index.php\/wp-json\/wp\/v2\/media?parent=2809"}],"wp:term":[{"taxonomy":"category","embeddable":true,"href":"http:\/\/conafed.org\/index.php\/wp-json\/wp\/v2\/categories?post=2809"},{"taxonomy":"post_tag","embeddable":true,"href":"http:\/\/conafed.org\/index.php\/wp-json\/wp\/v2\/tags?post=2809"}],"curies":[{"name":"wp","href":"https:\/\/api.w.org\/{rel}","templated":true}]}}