{"id":105,"date":"2017-06-22T09:25:04","date_gmt":"2017-06-22T08:25:04","guid":{"rendered":"http:\/\/conafed.org\/?p=105"},"modified":"2019-03-14T17:29:43","modified_gmt":"2019-03-14T16:29:43","slug":"cloture-de-latelier-sur-les-droits-humains-des-femmes-sengagent-a-mener-des-actions-de-plaidoyer-pour-le-developpement-de-kisenso","status":"publish","type":"post","link":"https:\/\/conafed.org\/index.php\/2017\/06\/22\/cloture-de-latelier-sur-les-droits-humains-des-femmes-sengagent-a-mener-des-actions-de-plaidoyer-pour-le-developpement-de-kisenso\/","title":{"rendered":"Cl\u00f4ture de l\u2019atelier sur les droits humains  : Des femmes s\u2019engagent \u00e0 mener des actions de plaidoyer pour le d\u00e9veloppement de Kisenso"},"content":{"rendered":"<p>L\u2019atelier de formation des femmes maraich\u00e8res et vendeuses de Kisenso a cl\u00f4tur\u00e9 ses portes, jeudi 8 juin dernier. Plus de 50 femmes de cette partie de la capitale se sont engag\u00e9es \u00e0 organiser des s\u00e9ances de restitution \u00e0 leur base, sur les questions de genre et droits humains.<\/p>\n<p>Dans son mot de cl\u00f4ture, Mme Patricia Onden du Comit\u00e9 National Femme et D\u00e9veloppement, Conafed a indiqu\u00e9 que les femmes leaders qui repr\u00e9sentent chacune, un quartier vont jouer le r\u00f4le de paires \u00e9ducatrices. Ces derni\u00e8res vont \u00e0 leur tour, sensibiliser leur base respective. Elle a en outre reconnu la capacit\u00e9 de ces femmes en tant que leaders et facilitatrices, capables de relayer le message qu\u2019elles ont appris au cours de ces travaux de 3 jours, sur l\u2019approche ax\u00e9e sur les droits humains \u00ab&nbsp;HRBA&nbsp;\u00bb. Une approche purement \u00ab&nbsp;Actionaid&nbsp;\u00bb.<\/p>\n<p>A en croire la facilitatrice, ces femmes sont \u00e9galement capables de discuter avec les autorit\u00e9s locales sur les r\u00e9alit\u00e9s qu\u2019elles vivent sur terrain&nbsp;; \u00eatre en mesure d\u2019informer, de discuter entre elles&nbsp;; d\u2019identifier diff\u00e9rents probl\u00e8mes rencontr\u00e9s, etc.<\/p>\n<p>Rappelons que cet atelier qui s\u2019est ouvert le 6 juin dernier a eu comme objectif principal, de familiariser les femmes \u00e0 l\u2019approche ax\u00e9e sur les droits humains \u00ab&nbsp;HRBA&nbsp;\u00bb ainsi qu\u2019aux diff\u00e9rents outils participatifs qu\u2019elles utiliseront dans le cadre du processus de r\u00e9flexion-action.<br \/>\nPar G\u00e9nie Mulobo<\/p>\n","protected":false},"excerpt":{"rendered":"<p>L\u2019atelier de formation des femmes maraich\u00e8res et vendeuses de Kisenso a cl\u00f4tur\u00e9 ses portes, jeudi 8 juin dernier. Plus de 50 femmes de cette partie de la capitale se sont engag\u00e9es \u00e0 organiser des s\u00e9ances de restitution \u00e0 leur base, sur les questions de genre et droits humains. Dans son mot de cl\u00f4ture, Mme Patricia [&hellip;]<\/p>\n","protected":false},"author":1,"featured_media":562,"comment_status":"open","ping_status":"open","sticky":false,"template":"","format":"standard","meta":[],"categories":[2],"tags":[],"_links":{"self":[{"href":"https:\/\/conafed.org\/index.php\/wp-json\/wp\/v2\/posts\/105"}],"collection":[{"href":"https:\/\/conafed.org\/index.php\/wp-json\/wp\/v2\/posts"}],"about":[{"href":"https:\/\/conafed.org\/index.php\/wp-json\/wp\/v2\/types\/post"}],"author":[{"embeddable":true,"href":"https:\/\/conafed.org\/index.php\/wp-json\/wp\/v2\/users\/1"}],"replies":[{"embeddable":true,"href":"https:\/\/conafed.org\/index.php\/wp-json\/wp\/v2\/comments?post=105"}],"version-history":[{"count":3,"href":"https:\/\/conafed.org\/index.php\/wp-json\/wp\/v2\/posts\/105\/revisions"}],"predecessor-version":[{"id":563,"href":"https:\/\/conafed.org\/index.php\/wp-json\/wp\/v2\/posts\/105\/revisions\/563"}],"wp:featuredmedia":[{"embeddable":true,"href":"https:\/\/conafed.org\/index.php\/wp-json\/wp\/v2\/media\/562"}],"wp:attachment":[{"href":"https:\/\/conafed.org\/index.php\/wp-json\/wp\/v2\/media?parent=105"}],"wp:term":[{"taxonomy":"category","embeddable":true,"href":"https:\/\/conafed.org\/index.php\/wp-json\/wp\/v2\/categories?post=105"},{"taxonomy":"post_tag","embeddable":true,"href":"https:\/\/conafed.org\/index.php\/wp-json\/wp\/v2\/tags?post=105"}],"curies":[{"name":"wp","href":"https:\/\/api.w.org\/{rel}","templated":true}]}}