{"id":1170,"date":"2020-03-10T14:06:16","date_gmt":"2020-03-10T13:06:16","guid":{"rendered":"http:\/\/conafed.org\/?p=1170"},"modified":"2020-03-12T14:08:01","modified_gmt":"2020-03-12T13:08:01","slug":"jif-2020-levons-nous-pour-defendre-les-droits-des-femmes","status":"publish","type":"post","link":"https:\/\/conafed.org\/index.php\/2020\/03\/10\/jif-2020-levons-nous-pour-defendre-les-droits-des-femmes\/","title":{"rendered":"JIF 2020 : \u201cLevons-nous pour d\u00e9fendre les droits des femmes\u201d"},"content":{"rendered":"\n<p><strong><em>Le monde entier a c\u00e9l\u00e9br\u00e9, le dimanche 08 mars 2020, la Journ\u00e9e Internationale de la Femme ( JIF) sous le th\u00e8me : \u201cJe suis de la g\u00e9n\u00e9ration \u00e9galit\u00e9: levez-vous pour les droits des femmes\u201d.<\/em><\/strong><\/p>\n\n\n\n<ul class=\"wp-container-2 wp-block-gallery-1 wp-block-gallery columns-1 is-cropped\"><li class=\"blocks-gallery-item\"><figure><img loading=\"lazy\" width=\"720\" height=\"399\" src=\"http:\/\/conafed.org\/wp-content\/uploads\/2020\/03\/JIF-2-720x399.jpg\" alt=\"\" data-id=\"1174\" data-link=\"http:\/\/conafed.org\/?attachment_id=1174\" class=\"wp-image-1174\"\/><\/figure><\/li><\/ul>\n\n\n\n<p>En R\u00e9publique D\u00e9mocratique du Congo, cette journ\u00e9e a \u00e9t\u00e9\nc\u00e9l\u00e9br\u00e9e avec faste. Les femmes de toutes tendances confondues se sont r\u00e9unies\n\u00e0 l\u2019esplanade du stade de Martyrs autour de la ministre d\u2019Etat, ministre du\nGenre, Famille et Enfant, B\u00e9atrice Lomeya. Le Premier ministre, Sylvestre\nIlunga \u00e9tait \u00e9galement de la partie.<\/p>\n\n\n\n<p>\u201d<em> Congolaises et congolais: Levons-nous pour d\u00e9fendre les droits des femmes<\/em> \u201c, est le th\u00e8me choisi au niveau national. Plusieurs personnalit\u00e9s, tant politiques, civiles que militaires ont pris part \u00e0 ce grand rendez-vous pour d\u00e9fendre les droits des femmes. Dans son adresse, Mme la ministre d\u2019Etat, ministre du Genre, Famille et Enfant, B\u00e9atrice Lomeya a d\u00e9clar\u00e9 que la Journ\u00e9e Internationale de la Femme symbolise, depuis plusieurs d\u00e9cennies, l\u2019affermissement des volont\u00e9s et intelligences des peuples de la plan\u00e8te pour rendre hommage \u00e0 celles qui, indiscutablement, repr\u00e9sentent plus de la moiti\u00e9 de la population mondiale et contribuent, nul sans doute, \u00e0 la cr\u00e9ation des richesses profitables au plus grand nombre d\u2019individus sans \u00eatre tirer v\u00e9ritablement des b\u00e9n\u00e9fices.<\/p>\n\n\n\n<ul class=\"wp-container-4 wp-block-gallery-3 wp-block-gallery columns-1 is-cropped\"><li class=\"blocks-gallery-item\"><figure><img loading=\"lazy\" width=\"720\" height=\"399\" src=\"http:\/\/conafed.org\/wp-content\/uploads\/2020\/03\/JIF-1-720x399.jpg\" alt=\"\" data-id=\"1175\" data-link=\"http:\/\/conafed.org\/?attachment_id=1175\" class=\"wp-image-1175\"\/><\/figure><\/li><\/ul>\n\n\n\n<p>Cette c\u00e9l\u00e9bration renvoie \u00e0 la\ncomm\u00e9moration du 25 \u00e8me anniversaire de l\u2019adoption de la D\u00e9claration et du\nProgramme d\u2019actions de Beijing dans ses 12 domaines jug\u00e9s critiques pour les\nfemmes: la pauvret\u00e9, l\u2019\u00e9ducation, la violence \u00e0 l\u2019\u00e9gard des femmes, les\nconflits arm\u00e9s, la sant\u00e9, l\u2019acc\u00e8s aux ressources \u00e9conomiques, la prise de\nd\u00e9cisions, les m\u00e9dias, l\u2019environnement, la petite fille, les droits\nfondamentaux des femmes et enfin la question des m\u00e9canismes institutionnels\ncharg\u00e9s de favoriser la promotion de la femme.<\/p>\n\n\n\n<p>A en croire la ministre, aujourd\u2019hui renverser cette tendance\n\u00e9quivaut \u00e0 saisir, ensemble, des opportunit\u00e9s, des strat\u00e9gies et des mesures\npour lutter contre les in\u00e9galit\u00e9s Hommes- Femmes persistantes, en puisant dans\nles textes des lois novatrices dont, \u00e0 titre d\u2019exemple, la Constitution dans\nson article 14 paritaire, la loi sur les violences sexuelles et le Code de la\nfamille r\u00e9vis\u00e9.<\/p>\n\n\n\n<p>Il est temps, a-t-elle dit de s\u2019engager pour une soci\u00e9t\u00e9\nparitaire et inclusive, d\u00e9mocratique et favorable \u00e0 la prise en compte de tous\nses membres dans la dynamique de l\u2019\u00e9galit\u00e9 des sexes, de l\u2019\u00e9quit\u00e9 et de\nl\u2019autonomisation des femmes<\/p>\n\n\n\n<p>Les avanc\u00e9es de ces cinq derni\u00e8res ann\u00e9es concernent notamment\nl\u2019\u00e9l\u00e9vation du minist\u00e8re national du Genre de la RDC au rang de minist\u00e8re\nd\u2019\u00c9tat ; la prise en compte de la dimension genre dans le Programme National\nStrat\u00e9gique de D\u00e9veloppement (PNSD) ; la gratuit\u00e9 de l\u2019enseignement\nfondamental, la r\u00e9vision de la Strat\u00e9gie Nationale de lutte contre les\nViolences Sexuelles et Bas\u00e9es sur le Genre (SNVBG) ; l\u2019existence du Plan\nd\u2019action de la 1325 de 2 \u00e8me g\u00e9n\u00e9ration valid\u00e9, l\u2019existence de la Loi sur la\nsant\u00e9 publique 2019 suivant le principe : \u00ab Sant\u00e9 pour Tous et par Tous \u00bb,\nl\u2019existence du Plan National Strat\u00e9gique de la Planification Familiale ;\nl\u2019am\u00e9lioration de la pr\u00e9sence des femmes dans les instances publiques\nr\u00e9galiennes.<\/p>\n\n\n\n<p>Dans son allocution, le secr\u00e9taire g\u00e9n\u00e9ral au Genre, Famille et\nEnfant, a indiqu\u00e9 qu\u2019il est temps de sortir la femme congolaise de la pauvret\u00e9,\ndes st\u00e9r\u00e9otypes, et de son ignorance pour son \u00e9panouissement. Durant ce mois de\nla femme, le minist\u00e8re est engag\u00e9 \u00e0 sensibiliser les femmes sur les 12 domaines\ncritiques de la d\u00e9claration de Beijing. Et ce, \u00e0 travers toute la R\u00e9publique.<\/p>\n\n\n\n<p>D\u2019une mani\u00e8re g\u00e9n\u00e9rale, on reconna\u00eet des avanc\u00e9es significatives\ndans le combat des femmes mais on doit poursuivre les efforts pour gagner le\npari. L\u2019 homme genr\u00e9, le professeur Lututala, a pour sa part f\u00e9licit\u00e9 toutes\nles femmes congolaises pour le combat abattu. Il a invit\u00e9 les hommes \u00e0 se\nmobiliser pour d\u00e9fendre les droits des femmes . Car il s\u2019agit des droits\nhumains.<\/p>\n\n\n\n<p>Ces femmes m\u00e9ritent le respect pour leur d\u00e9veloppement. En RDC,\nles femmes repr\u00e9sentent 51% de la population contre 49% des hommes . Elles\ncontribuent \u00e0 la dynamique sociale \u00e0 la survie des menaces.<\/p>\n\n\n\n<p>Alors ces femmes m\u00e9ritent des applaudissements et de\nl\u2019accompagnement. Quant \u00e0 la participation politique, le professeur Lututala a\nreconnu un faible taux de participation politique des femmes. En conclusion,\na-t-il dit, les droits des femmes sont universels et constitutionnels. Ils\ndoivent \u00eatre garantis \u00e0 tous. Ni la volont\u00e9 politique ni les institutions\njuridiques ni la scolarisation ne vont d\u00e9fendre les droits des femmes si\nl\u2019homme ne s\u2019implique pas.<\/p>\n\n\n\n<p>Dans une d\u00e9claration, les organisations de la soci\u00e9t\u00e9 civile se sont engag\u00e9es \u00e0 \u00e9valuer les douze domaines critiques de la D\u00e9claration de Beijing \u00e0 l\u2019issue de ce mois d\u00e9di\u00e9 \u00e0 la femme. Elles doivent aussi abord\u00e9 les questions sur les r\u00e9formes des politiques et m\u00e9canismes sur la promotion des droits des femmes. Un appel a \u00e9t\u00e9 lanc\u00e9 au gouvernement et aux partenaires au d\u00e9veloppement d\u2019aider les femmes dans leurs droits pour un avenir meilleur.<\/p>\n\n\n\n<p style=\"text-align:right\"><strong>G\u00e9nie Mulobo<\/strong><\/p>\n","protected":false},"excerpt":{"rendered":"<p>Le monde entier a c\u00e9l\u00e9br\u00e9, le dimanche 08 mars 2020, la Journ\u00e9e Internationale de la Femme ( JIF) sous le th\u00e8me : \u201cJe suis de la g\u00e9n\u00e9ration \u00e9galit\u00e9: levez-vous pour les droits des femmes\u201d. En R\u00e9publique D\u00e9mocratique du Congo, cette journ\u00e9e a \u00e9t\u00e9 c\u00e9l\u00e9br\u00e9e avec faste. Les femmes de toutes tendances confondues se sont r\u00e9unies [&hellip;]<\/p>\n","protected":false},"author":1,"featured_media":1172,"comment_status":"open","ping_status":"open","sticky":false,"template":"","format":"standard","meta":[],"categories":[3,2],"tags":[],"_links":{"self":[{"href":"https:\/\/conafed.org\/index.php\/wp-json\/wp\/v2\/posts\/1170"}],"collection":[{"href":"https:\/\/conafed.org\/index.php\/wp-json\/wp\/v2\/posts"}],"about":[{"href":"https:\/\/conafed.org\/index.php\/wp-json\/wp\/v2\/types\/post"}],"author":[{"embeddable":true,"href":"https:\/\/conafed.org\/index.php\/wp-json\/wp\/v2\/users\/1"}],"replies":[{"embeddable":true,"href":"https:\/\/conafed.org\/index.php\/wp-json\/wp\/v2\/comments?post=1170"}],"version-history":[{"count":4,"href":"https:\/\/conafed.org\/index.php\/wp-json\/wp\/v2\/posts\/1170\/revisions"}],"predecessor-version":[{"id":1177,"href":"https:\/\/conafed.org\/index.php\/wp-json\/wp\/v2\/posts\/1170\/revisions\/1177"}],"wp:featuredmedia":[{"embeddable":true,"href":"https:\/\/conafed.org\/index.php\/wp-json\/wp\/v2\/media\/1172"}],"wp:attachment":[{"href":"https:\/\/conafed.org\/index.php\/wp-json\/wp\/v2\/media?parent=1170"}],"wp:term":[{"taxonomy":"category","embeddable":true,"href":"https:\/\/conafed.org\/index.php\/wp-json\/wp\/v2\/categories?post=1170"},{"taxonomy":"post_tag","embeddable":true,"href":"https:\/\/conafed.org\/index.php\/wp-json\/wp\/v2\/tags?post=1170"}],"curies":[{"name":"wp","href":"https:\/\/api.w.org\/{rel}","templated":true}]}}