{"id":1188,"date":"2020-03-24T18:46:26","date_gmt":"2020-03-24T17:46:26","guid":{"rendered":"http:\/\/conafed.org\/?p=1188"},"modified":"2020-04-27T17:11:47","modified_gmt":"2020-04-27T15:11:47","slug":"coronavirus-en-rdc-le-conafed-sensibilise-les-refed-et-toute-la-population-congolaise-sur-cette-pandemie","status":"publish","type":"post","link":"https:\/\/conafed.org\/index.php\/2020\/03\/24\/coronavirus-en-rdc-le-conafed-sensibilise-les-refed-et-toute-la-population-congolaise-sur-cette-pandemie\/","title":{"rendered":"Coronavirus en RDC : le CONAFED sensibilise les REFED et toute la population congolaise sur cette pand\u00e9mie"},"content":{"rendered":"\n<p><strong><em>Dans un message lu \u00e0 la presse vendredi 20 mars 2020, la Secr\u00e9taire Permanente du CONAFED, Jeanne Nzuzi invite les membres des R\u00e9seaux provinciaux Femme et D\u00e9veloppement (REFED) en sigle, les points focaux genre ainsi que toute la population \u00e0 s\u2019approprier les mesures de pr\u00e9vention contre l\u2019\u00e9pid\u00e9mie de Coronavirus en RDC, et \u00e0 observer scrupuleusement les instructions donn\u00e9es par les sp\u00e9cialistes en la mati\u00e8re.<\/em><\/strong><em><strong>&nbsp;Ci-dessous, l\u2019int\u00e9gralit\u00e9 du message&nbsp;:<\/strong><\/em><\/p>\n\n\n\n<p><strong>MESSAGE DU CONAFED FACE A LA PANDEMIE DU CORONAVIRUS<\/strong><\/p>\n\n\n\n<figure class=\"wp-block-image\"><img alt=\"\"\/><\/figure>\n\n\n\n<p>Depuis quelques jours, la pand\u00e9mie du coronavirus a fait son apparition dans notre pays apr\u00e8s avoir fait des ravages \u00e0 travers le monde. Le 18 mars, Le Pr\u00e9sident de la R\u00e9publique, Son Excellence Monsieur F\u00e9lix Antoine Tshisekedi Tshilombo a pris une s\u00e9rie des mesures afin de contrer l\u2019\u00e9volution de cette pand\u00e9mie dans notre pays. C\u2019est pourquoi, le Comit\u00e9 National Femme et D\u00e9veloppement (CONAFED), Organisation de la Soci\u00e9t\u00e9 Civile qui milite pour la promotion du genre et des droits des femmes, invite ses membres que sont les R\u00e9seaux provinciaux Femme et D\u00e9veloppement (REFED) en sigle, les points focaux genre ainsi que toutes les femmes et les hommes, filles et gar\u00e7ons, \u00e0 s\u2019approprier lesdites mesures et \u00e0 observer scrupuleusement les instructions donn\u00e9es par les sp\u00e9cialistes en la mati\u00e8re. Pour ce faire, nous appelons les diff\u00e9rents REFED et les points focaux des provinces de d\u00e9multiplier la circulation de ces messages. Chers coll\u00e8gues, vous \u00eates appel\u00e9s \u00e0 sensibiliser vos membres respectifs, les enfants, membres de famille et connaissances \u00e0 : Disposer des \u00e9quipements de lavage des mains dans vos bureaux respectifs en vue de se laver fr\u00e9quemment les mains ; Ne pas se serrer les mains en guise de salutation, ne pas faire des accolades ni embrassades ou m\u00eame des bisous ; Garder une distance d'au moins 1 m\u00e8tre entre personnes ; Reporter toutes les manifestions ayant trait aux activit\u00e9s du mois de la femme, les assembl\u00e9s g\u00e9n\u00e9rales et autres r\u00e9unions de plus de 20 personnes. En cas de besoin, faire recours aux Technologies de l\u2019information et de la communication. Chers parents, la suspension des activit\u00e9s aux \u00e9coles n'est pas une raison pour les enfants de jouer \u00e0 la balle m\u00eame au terrain du quartier et \u00e0 s'adonner \u00e0 d'autres activit\u00e9s r\u00e9cr\u00e9atives qui mobilisent plus des personnes. Nous plaidons aupr\u00e8s des Partenaires Techniques et Financiers pour que les fonds restant des activit\u00e9s li\u00e9es \u00e0 la c\u00e9l\u00e9bration du mois de la femme soient affect\u00e9s aux activit\u00e9s de sensibilisation. Demeurons toutes et tous dans la pri\u00e8re. Que Dieu nous prot\u00e8ge.<\/p>\n\n\n\n<p style=\"text-align:right\"><strong>Jeanne Nzuzi<\/strong><\/p>\n\n\n\n<p><strong><em>P.S. ; Ce Message a \u00e9t\u00e9 diffus\u00e9 sur la TOP CONGO et publi\u00e9 \u00e0 l'Agence Congolaise de Presse (ACP) <\/em><\/strong><\/p>\n\n\n\n<figure class=\"wp-block-embed\"><div class=\"wp-block-embed__wrapper\">\nhttps:\/\/acpcongo.com\/index.php\/2020\/03\/22\/le-conafed-invite-ses-membres-a-sapproprier-les-mesures-preventives-contre-le-covid-19\/\n<\/div><\/figure>\n","protected":false},"excerpt":{"rendered":"<p>Dans un message lu \u00e0 la presse vendredi 20 mars 2020, la Secr\u00e9taire Permanente du CONAFED, Jeanne Nzuzi invite les membres des R\u00e9seaux provinciaux Femme et D\u00e9veloppement (REFED) en sigle, les points focaux genre ainsi que toute la population \u00e0 s\u2019approprier les mesures de pr\u00e9vention contre l\u2019\u00e9pid\u00e9mie de Coronavirus en RDC, et \u00e0 observer scrupuleusement [&hellip;]<\/p>\n","protected":false},"author":1,"featured_media":1198,"comment_status":"open","ping_status":"open","sticky":false,"template":"","format":"standard","meta":[],"categories":[2],"tags":[],"_links":{"self":[{"href":"https:\/\/conafed.org\/index.php\/wp-json\/wp\/v2\/posts\/1188"}],"collection":[{"href":"https:\/\/conafed.org\/index.php\/wp-json\/wp\/v2\/posts"}],"about":[{"href":"https:\/\/conafed.org\/index.php\/wp-json\/wp\/v2\/types\/post"}],"author":[{"embeddable":true,"href":"https:\/\/conafed.org\/index.php\/wp-json\/wp\/v2\/users\/1"}],"replies":[{"embeddable":true,"href":"https:\/\/conafed.org\/index.php\/wp-json\/wp\/v2\/comments?post=1188"}],"version-history":[{"count":2,"href":"https:\/\/conafed.org\/index.php\/wp-json\/wp\/v2\/posts\/1188\/revisions"}],"predecessor-version":[{"id":1199,"href":"https:\/\/conafed.org\/index.php\/wp-json\/wp\/v2\/posts\/1188\/revisions\/1199"}],"wp:featuredmedia":[{"embeddable":true,"href":"https:\/\/conafed.org\/index.php\/wp-json\/wp\/v2\/media\/1198"}],"wp:attachment":[{"href":"https:\/\/conafed.org\/index.php\/wp-json\/wp\/v2\/media?parent=1188"}],"wp:term":[{"taxonomy":"category","embeddable":true,"href":"https:\/\/conafed.org\/index.php\/wp-json\/wp\/v2\/categories?post=1188"},{"taxonomy":"post_tag","embeddable":true,"href":"https:\/\/conafed.org\/index.php\/wp-json\/wp\/v2\/tags?post=1188"}],"curies":[{"name":"wp","href":"https:\/\/api.w.org\/{rel}","templated":true}]}}