{"id":1208,"date":"2020-05-09T19:05:39","date_gmt":"2020-05-09T17:05:39","guid":{"rendered":"http:\/\/conafed.org\/?p=1208"},"modified":"2020-05-11T13:03:01","modified_gmt":"2020-05-11T11:03:01","slug":"dynamique-citoyenne-covid-19-rdc-communique-n02-des-osc-congolaises-sur-la-pandemie-covid-19","status":"publish","type":"post","link":"https:\/\/conafed.org\/index.php\/2020\/05\/09\/dynamique-citoyenne-covid-19-rdc-communique-n02-des-osc-congolaises-sur-la-pandemie-covid-19\/","title":{"rendered":"DYNAMIQUE CITOYENNE COVID-19 RDC : COMMUNIQUE N\u00b002 DES OSC CONGOLAISES SUR LA PANDEMIE COVID-19"},"content":{"rendered":"\n<p> Nous, organisations, R\u00e9seaux et plates-formes diverses de la Soci\u00e9t\u00e9 Civile congolaise, r\u00e9unies dans la DYNAMIQUE CITOYENNE COVID-19 RDC,<\/p>\n\n\n\n<p>Apr\u00e8s analyse de l\u2019\u00e9volution de la pand\u00e9mie COVID-19 en R\u00e9publique d\u00e9mocratique du Congo,<\/p>\n\n\n\n<p>D\u00e9termin\u00e9s \u00e0 agir pour la transparence, le respect de la dignit\u00e9 humaine et la bonne communication officielle dans la gestion de la lutte contre le COVID-19 en RDC,<\/p>\n\n\n\n<p>Alors que qu\u2019en RDC le nombre cumul\u00e9 des personnes atteintes du COVID-19 se rapproche de 1.000, Dressons le constat suivant : <\/p>\n\n\n\n<p><strong>1) De la gouvernance et du financement du COVID19<\/strong><\/p>\n\n\n\n<p>L\u2019Etat d\u2019urgence sanitaire arriv\u00e9 \u00e0 \u00e9ch\u00e9ance le 24 avril 2020 a \u00e9t\u00e9 prorog\u00e9 de 15 jours apr\u00e8s le vote d\u2019une Loi y relative par l\u2019assembl\u00e9e nationale et le S\u00e9nat. Une nouvelle prorogation serait en vue ; <\/p>\n\n\n\n<p>Le port obligatoire du masque naso-buccal a \u00e9t\u00e9 rendu public par l\u2019Ordonnance Pr\u00e9sidentiel prorogeant l\u2019\u00e9tat d\u2019urgence sanitaire en RDC. A cet effet, le Gouverneur de la Ville de Kinshasa a \u00e9t\u00e9 le premier \u00e0 annoncer que tout contrevenant devra payer une amende de 5.000 FC soit plus ou moins 3$us, sans en expliciter les modalit\u00e9s de perception. Les amendes sont collect\u00e9es par les agents de la Police, sans quittance ; <\/p>\n\n\n\n<p>Le Pr\u00e9sident de la R\u00e9publique a f\u00e9licit\u00e9 le Pr\u00e9sident malgache de la d\u00e9couverte d\u2019un produit contre le COVID-19 - Les animateurs du Fonds national de solidarit\u00e9 contre le COVID-19 ont \u00e9t\u00e9 nomm\u00e9s par Ordonnance Pr\u00e9sidentielle. Des animateurs de la Soci\u00e9t\u00e9 Civile figurent parmi les membres dont la Coordination est domin\u00e9e par les Chefs et Repr\u00e9sentants des Confessions religieuses qui demandent la rectification de leurs r\u00f4les. Ils souhaitent agir dans un organe consultatif plut\u00f4t que celui de gestion quotidienne ; <\/p>\n\n\n\n<p>Dans une d\u00e9claration conjointe, des Repr\u00e9sentants de 19 missions diplomatiques, de la MONUSCO et de la Banque Mondiale ont adress\u00e9 leur soutien au Pr\u00e9sident de la R\u00e9publique et au Premier Ministre congolais dans la lutte contre le COVID-19, sans d\u00e9terminer concr\u00e8tement quelle sera la part de chacun ; <\/p>\n\n\n\n<p>Le FMI a d\u00e9cid\u00e9 d\u2019all\u00e9ger la dette de la RDC de 20 millions de dollars - La RDC, jusqu\u2019\u00e0 ce jour, ne dispose que d\u2019un seul laboratoire pour les tests de d\u00e9pistage du COVID-19, celui de l\u2019INRB, \u00e0 Kinshasa, pour l\u2019ensemble du pays; <\/p>\n\n\n\n<p>A ce jour, une seule commune sur l\u2019ensemble du pays, celle de la Gombe \u00e0 Kinshasa, a \u00e9t\u00e9 confin\u00e9e ; DYNAMIQUE CITOYENNE COVID-19 RDC Dynamique des OSC pour le Monitoring permanent de la gestion de la lutte contre la COVID 19 en RDC CENADEP \u2013 CAFCO \u2013 COLLECTIF24 \u2013 RESEAU PRODDES \u2013 CONAFED \u2013 ODEP \u2013 REGED \u2013 LICOCO \u2013 SARWA RDC \u2013 AFYA MAMA \u2013 CONAPAC \u2013 AETA \u2013 MLK \u2013 CORAP \u2013 AFEJUCO \u2013 RSCS\/RDC \u2013 ACIDH \u2013 FFGRN \u2013 COSSEP\/UFF \u2013 PASCO \u2013 LYNAPICO \u2013 SOFEPADI \u2013 SSGL - RODHECIC \u2013 POMUCO \u2013 CARITAS CONGO  2 <\/p>\n\n\n\n<ul class=\"wp-container-2 wp-block-gallery-1 wp-block-gallery columns-1 is-cropped\"><li class=\"blocks-gallery-item\"><figure><img loading=\"lazy\" width=\"720\" height=\"399\" src=\"http:\/\/conafed.org\/wp-content\/uploads\/2020\/05\/jjA-720x399.jpg\" alt=\"\" data-id=\"1215\" data-link=\"http:\/\/conafed.org\/?attachment_id=1215\" class=\"wp-image-1215\"\/><\/figure><\/li><\/ul>\n\n\n\n<p><strong>2) De la prise en Charge m\u00e9dicale et sociale <\/strong><\/p>\n\n\n\n<p>Des citoyennes et citoyens congolais bloqu\u00e9s \u00e0 l\u2019ext\u00e9rieur du pays commencent \u00e0 retourner progressivement au pays, gr\u00e2ce aux efforts du Gouvernement congolais. Il est quand m\u00eame d\u00e9plorable de constater les conditions d\u00e9plaisantes dans lesquels ils sont plac\u00e9s en quarantaine. Certains ont m\u00eame \u00e9t\u00e9 s\u00e9questr\u00e9s dans les h\u00f4tels, faute de payement, \u00e0 temps, des factures par le Gouvernement - L\u2019UNICEF, en partenariat avec la Commission psychosociale du Comit\u00e9 de la Riposte, a form\u00e9, \u00e0 Kinshasa, 40 psychologues et 41 travailleurs sociaux pour att\u00e9nuer l\u2019impact social et psychologique de la pand\u00e9mie sur les enfants et leurs familles - Faute de m\u00e9canisme officiel de prise en charge des n\u00e9cessiteux, certains partis politiques distribuent, \u00e0 coup de propagande, des vivres \u00e0 leurs partisans pour leur permettre de survivre pendant la crise du COVID-19 ; - Le samedi 25 avril 2020, l\u2019opinion a appris des sources proches de la Clinique Ngaliema la contamination au COVID-19 de 15 professionnels de sant\u00e9, dont 12 femmes et trois hommes ; - La RDC tarde \u00e0 rendre public le protocole retenu officiellement pour le traitement du COVID-19; - La d\u00e9couverte de presqu\u2019une centaine de cas positifs \u00e0 la prison militaire de Ndolo, \u00e0 Kinshasa, relance le d\u00e9bat sur la s\u00e9curit\u00e9 sanitaire des prisonniers sur toute l\u2019\u00e9tendue du territoire national. <\/p>\n\n\n\n<p><strong>3) Des impacts sociaux, \u00e9conomiques, culturels et politiques<\/strong><\/p>\n\n\n\n<p>Le Ministre de l\u2019Industrie a annonc\u00e9, le 02 mai 2020, la mise \u00e0 disposition par le Fonds de Promotion de l\u2019Industrie d\u2019une somme de 10 millions de dollars pour financer les entreprises locales impact\u00e9s n\u00e9gativement par le COVID-19. Il viserait le domaine agroalimentaire, l\u2019industrie pharmaceutique et la Logistique. - Le Ministre de l\u2019Enseignement primaire et secondaire a lanc\u00e9 l\u2019initiative des cours t\u00e9l\u00e9vis\u00e9s \u00e0 l\u2019intention des \u00e9l\u00e8ves finalistes. Il s\u2019en tient \u00e0 confirmer que l\u2019ann\u00e9e scolaire ne sera pas blanche alors que rien de concret n\u2019est fait pour les autres classes. Du c\u00f4t\u00e9 de l\u2019enseignement sup\u00e9rieur et universitaire, c\u2019est silence radio ; - Le Gouvernement a d\u00e9cr\u00e9t\u00e9 une gratuit\u00e9 pour la consommation d\u2019eau de la REGIDESO et d\u2019\u00e9lectricit\u00e9 de la SNEL pour une p\u00e9riode de deux mois. Les d\u00e9tenteurs des compteurs pr\u00e9pay\u00e9s d\u2019\u00e9lectricit\u00e9 se plaignent d\u2019\u00eatre exclus de cette mesure. Dans plusieurs quartiers, les habitants d\u00e9noncent la qualit\u00e9 et la quantit\u00e9 d\u2019eau courante disponible ; - Le ralentissement de l\u2019activit\u00e9 \u00e9conomique a une incidence directe sur le taux de change qui accuse une d\u00e9pr\u00e9ciation continue du Franc Congolais face aux devises \u00e9trang\u00e8res ; - Le Parlement a d\u00e9cid\u00e9 de la reprise de ces travaux dans le respect des mesures barri\u00e8res contre la pand\u00e9mie en instituant un mode de travail \u00e0 distance par les moyens de l\u2019Internet ;  <\/p>\n\n\n\n<p>3 - L\u2019annonce de la d\u00e9couverte d\u2019un produit pr\u00e9ventif et curatif du COVID-19 au Madagascar, \u00e0 base de l\u2019Artemisia, fait ressurgir la question de la gestion et de la protection des scientifiques congolais dont le Chercheur J\u00e9r\u00f4me MUNYANGI qui serait associ\u00e9 \u00e0 ce produit malgache apr\u00e8s qu\u2019il ait \u00e9t\u00e9 victime des atteintes \u00e0 sa vie en RDC et qu\u2019il se soit exil\u00e9 en France. - L\u2019approvisionnement des grandes villes comme Kinshasa, en produits vivriers locaux ou import\u00e9s, devient de plus en plus difficile avec cons\u00e9quence la hausse des prix sur le march\u00e9, malgr\u00e9 l\u2019annulation de la TVA sur certains produits alimentaires. - La f\u00eate du 1er mai a \u00e9t\u00e9 c\u00e9l\u00e9br\u00e9e cette ann\u00e9e dans la m\u00e9ditation et sous le digne de la revendication, par les syndicats, du respect de la mesure de non-licenciement des employ\u00e9s en cette p\u00e9riode de crise du COVID-19 <\/p>\n\n\n\n<p><strong>4) Genre et Violences bas\u00e9es sur le genre<\/strong><\/p>\n\n\n\n<p>Le COVID 19 touche de plus en plus les femmes ; D\u2019apr\u00e8s le Comit\u00e9 de Riposte, Le taux des femmes touch\u00e9es est pass\u00e9e de 12% \u00e0 plus de 30 %. - Plusieurs femmes, et particuli\u00e8rement celles exer\u00e7ant des activit\u00e9s \u00e9conomiques informelles, sont quotidiennement expos\u00e9es aux risques de contamination aux march\u00e9s, boulangeries, transport en commun o\u00f9 la proximit\u00e9 est forte ; - Suite \u00e0 la mesure de fermeture de certaines activit\u00e9s commerciales, les femmes sont submerg\u00e9es par les travaux m\u00e9nagers au regard des normes sociales qui r\u00e9servent sp\u00e9cifiquement ces travaux aux femmes et aux filles ; - Celles qui sont mari\u00e9es subissent des violences conjugales et sexuelles de la part de leurs conjoints et d\u2019autres formes des violences domestiques en raison des tensions accrues au sein du foyer.<\/p>\n\n\n\n<p><strong> 5)Des droits humains, Libert\u00e9s fondamentales et suivi des mesures<\/strong><\/p>\n\n\n\n<p>Il est rapport\u00e9 des violations des droits humains commis par les services de s\u00e9curit\u00e9 lors du contr\u00f4le de l\u2019application des mesures barri\u00e8res \u00e9dict\u00e9es par le pouvoir public. A titre illustratif, un taximan de moto, \u00e0 Kinshasa, a \u00e9t\u00e9 abattu par un policier lors d\u2019un contr\u00f4le du port de masque ; - Il est malheureux de constater qu\u2019\u00e0 Kinshasa et en provinces, plusieurs bars et restaurants fonctionnent en toute clandestinit\u00e9 et sont parfois bond\u00e9s du monde ; <\/p>\n\n\n\n<p><strong>6)De la sensibilisation et pr\u00e9vention<\/strong><\/p>\n\n\n\n<p>De mani\u00e8re globale, la quasi-totalit\u00e9 de la population est inform\u00e9e de l\u2019existence de la pand\u00e9mie mais chacun l\u2019interpr\u00e8te \u00e0 sa guise suivant les canaux de communications \u00e0 sa port\u00e9e ; - Les mesures barri\u00e8res de lavage et d\u00e9sinfection des mains sont bien suivies mais se heurtent souvent au probl\u00e8me de manque d\u2019eau et d\u2019insuffisance des ressources financi\u00e8res pour se procurer r\u00e9guli\u00e8rement du savon ou le gel hydroalcoolique ;  <\/p>\n\n\n\n<p>4 - Le port obligatoire de masque pousse \u00e0 recourir \u00e0 ceux fabriqu\u00e9s artisanalement en tissus et moins chers. Peu de personnes sont inform\u00e9es sur les mesures d\u2019hygi\u00e8ne et de s\u00e9curit\u00e9 entourant l\u2019achat et le port de ces masques ; - L\u2019acc\u00e8s aux m\u00e9dias, par les organisations de la Soci\u00e9t\u00e9 Civile, est difficile \u00e0 cause des prix exorbitants des organes fix\u00e9s par les organes de presse ; - Les journalistes prennent peu de pr\u00e9cautions et s\u2019exposent lors des interviews en ne couvrant pas les micros ou en exposant les mains nues \u00e0 leurs interlocuteurs ; - La d\u00e9couverte des cas positifs \u00e0 Matadi, \u00e0 Lubumbashi et Kasindi, pousse \u00e0 s\u2019interroger sur l\u2019efficacit\u00e9 de contr\u00f4les sanitaires aux points d\u2019entr\u00e9es int\u00e9rieures et ext\u00e9rieures. Mais aussi sur l\u2019application de la fermeture de toutes les fronti\u00e8res et de l\u2019interdiction d\u2019entr\u00e9e et de sortir de la ville de Kinshasa.<\/p>\n\n\n\n<p>De ce qui pr\u00e9c\u00e8de, les Organisations de la Soci\u00e9t\u00e9 Civile, \u00e0 travers la Dynamique Citoyenne COVID-19, demandent : <\/p>\n\n\n\n<p><strong>1. Au Pr\u00e9sident de la R\u00e9publique : <\/strong><\/p>\n\n\n\n<p>La mise en \u0153uvre rapide et effective du Fonds National de Solidarit\u00e9 contre le COVID19 ainsi que la publication urgente de son plan d\u2019action ainsi que des m\u00e9canismes de retra\u00e7age des fonds re\u00e7us pour que tout le monde en connaisse l\u2019origine et le montant ; \uf0a7 La d\u00e9signation, au Fonds National de Solidarit\u00e9, d\u2019autres personnalit\u00e9s neutres, la\u00efques et cr\u00e9dibles au regard de la position des Chefs religieux ; \uf0a7 La valorisation et la protection des scientifiques congolais et plus particuli\u00e8rement de ceux impliqu\u00e9s dans la lutte contre le CORONAVIRUS ; <\/p>\n\n\n\n<p><strong>2. Au Gouvernement :<\/strong><\/p>\n\n\n\n<p>La d\u00e9centralisation de laboratoires de diagnostic et la g\u00e9n\u00e9ralisation du test pour une d\u00e9tection pr\u00e9coce de cas du COVID-19 \u00e0 travers le pays ; \uf0a7 L\u2019information sur les fonds d\u00e9j\u00e0 r\u00e9colt\u00e9s par le Fonds National de Solidarit\u00e9 (Montant, origines, affectations) ainsi que sur la mise en \u0153uvre financi\u00e8re du Plan de riposte national ; \uf0a7 La publication urgente d\u2019un plan d\u2019accompagnement des op\u00e9rateurs \u00e9conomiques aussi bien du secteur formel qu\u2019informel pour r\u00e9duire l\u2019impact n\u00e9gatif du COVID-19 sur les activit\u00e9s \u00e9conomiques et le social de la population ; \uf0a7 L\u2019am\u00e9lioration des conditions de prise en charge des compatriotes rapatri\u00e9s et mis en quarantaine ; \uf0a7 L\u2019am\u00e9lioration de la protection ainsi que de la prise en charge mat\u00e9rielle et financi\u00e8re du personnel de sant\u00e9 ainsi que des policiers r\u00e9quisitionn\u00e9s pour la lutte contre le COVID-19 ; \uf0a7 Le renforcement de la lutte contre la corruption et le d\u00e9tournement des deniers publics et l\u2019affectation des fonds ainsi r\u00e9cup\u00e9r\u00e9s \u00e0 la riposte contre le COVID-19 et particuli\u00e8rement \u00e0 l\u2019am\u00e9lioration de la qualit\u00e9 et des conditions de travail dans les formations sanitaires publiques ; \uf0a7 La facilitation de l\u2019acc\u00e8s des organisations de la Soci\u00e9t\u00e9 Civile aux m\u00e9dias aussi bien officiels que priv\u00e9s ;  5 \uf0a7 L\u2019annonce urgente, par les Minist\u00e8res en charge de l\u2019enseignement, des modalit\u00e9s pratiques de la reprise des cours \u00e0 tous les niveaux ; \uf0a7 La mise en route, par le Minist\u00e8re de l\u2019Agriculture, d\u2019une Campagne agricole mettant au centre de l\u2019action les organisations paysannes \uf0a7 Les mesures de respect des droits humains par les services de s\u00e9curit\u00e9 et l\u2019instauration des sanctions contre les agents v\u00e9reux ; \uf0a7 La convocation urgente de la Tripartite (Etat \u2013 Syndicats \u2013 Employeurs) pour un dialogue social franc et la d\u00e9finition de mesure de sauvegarde des emplois dans le contexte du COVID-19. <\/p>\n\n\n\n<p><strong>3. Au Comit\u00e9 de Riposte<\/strong><\/p>\n\n\n\n<p>La transparence et la gestion non politicienne des statistiques en \u00e9vitant l\u2019embellissement et la manipulation \u00e0 la hausse ou \u00e0 la baisse des cas recens\u00e9s, de nombre de d\u00e9c\u00e8s ou des gu\u00e9ris. \uf0a7 Les d\u00e9tails des bulletins sanitaires journaliers qui pr\u00e9cisent la zone de sant\u00e9 d\u2019origine de chaque nouveau cas positif enregistr\u00e9, de chaque d\u00e9c\u00e8s et de chaque gu\u00e9ri ; \uf0a7 La diffusion, dans les d\u00e9tails, de la strat\u00e9gie de riposte et la facilitation d\u2019acc\u00e8s \u00e0 ses rapports \uf0a7 Une attention particuli\u00e8re pour les femmes \u0153uvrant dans le secteur informel en leur offrant gratuitement des dispositifs de protection notamment ;<\/p>\n\n\n\n<p><strong>4. Aux Organisations de la Soci\u00e9t\u00e9 Civile de : <\/strong><\/p>\n\n\n\n<p>Renforcer l\u2019action pour le respect des mesures de pr\u00e9vention par la population en g\u00e9n\u00e9ral et les tenanciers des bars et autres petits commerces, en particulier ; \uf0a7 Militer pour le renforcement du leadership et la participation des femmes\/ filles dans le processus de prise des d\u00e9cisions dans la lutte contre le COVID-19 tout en tenant compte de l\u2019approche genre dans les activit\u00e9s ; \uf0a7 \u0152uvrer pour le soutien et l\u2019implication des Organisations de la soci\u00e9t\u00e9 civile dans le m\u00e9canisme officiel de pr\u00e9vention et de sensibilisation. \uf0a7 Mutualiser les efforts et partager d\u2019avantages les exp\u00e9riences \uf0a7 Relayer fortement, chacune selon ses moyens de communications, les positions de la Dynamique Citoyenne COVID-19 pour plus d\u2019impacts et des r\u00e9sultats \uf0a7 Adapter consciencieusement leurs modes de fonctionnement et d\u2019action au contexte actuel. \uf0a7 Renforcer la lutte contre les in\u00e9galit\u00e9s sociale, les violations des droits humains et la mauvaise gouvernance. Fait \u00e0 Kinshasa, le 05 mai 2020 <\/p>\n\n\n\n<p style=\"text-align:center\">Pour le Comit\u00e9 Citoyen COVID-19 <\/p>\n\n\n\n<p><strong>             Danny Singoma                                        Rose Mutombo Kiese <\/strong><\/p>\n\n\n\n<p><strong><em>Directeur G\u00e9n\u00e9ral du CENADEP              Pr\u00e9sidente Nationale de CAFCO<\/em><\/strong><\/p>\n\n\n\n<p><strong><em>lire aussi ;<\/em><\/strong><\/p>\n\n\n\n<figure class=\"wp-block-embed-wordpress wp-block-embed is-type-wp-embed is-provider-lisapo\"><div class=\"wp-block-embed__wrapper\">\n<div class=\"oceanwp-oembed-wrap clr\"><blockquote class=\"wp-embedded-content\" data-secret=\"eFUo46o4mr\"><a href=\"https:\/\/www.lisapo.info\/les-osc-de-la-rdc-exigent-la-mise-en-oeuvre-rapide-et-effective-du-fonds-national-de-solidarite-contre-le-covid19\/\">Les OSC de la RDC exigent la mise en \u0153uvre rapide et effective du Fonds National de Solidarit\u00e9 contre le COVID19<\/a><\/blockquote><iframe class=\"wp-embedded-content\" sandbox=\"allow-scripts\" security=\"restricted\" style=\"position: absolute; clip: rect(1px, 1px, 1px, 1px);\" title=\"\u00ab\u00a0Les OSC de la RDC exigent la mise en \u0153uvre rapide et effective du Fonds National de Solidarit\u00e9 contre le COVID19\u00a0\u00bb &#8212; LISAPO INFO\" src=\"https:\/\/www.lisapo.info\/les-osc-de-la-rdc-exigent-la-mise-en-oeuvre-rapide-et-effective-du-fonds-national-de-solidarite-contre-le-covid19\/embed\/#?secret=z9DgUMvGx2#?secret=eFUo46o4mr\" data-secret=\"eFUo46o4mr\" width=\"600\" height=\"338\" frameborder=\"0\" marginwidth=\"0\" marginheight=\"0\" scrolling=\"no\"><\/iframe><\/div>\n<\/div><\/figure>\n","protected":false},"excerpt":{"rendered":"<p>Nous, organisations, R\u00e9seaux et plates-formes diverses de la Soci\u00e9t\u00e9 Civile congolaise, r\u00e9unies dans la DYNAMIQUE CITOYENNE COVID-19 RDC, Apr\u00e8s analyse de l\u2019\u00e9volution de la pand\u00e9mie COVID-19 en R\u00e9publique d\u00e9mocratique du Congo, D\u00e9termin\u00e9s \u00e0 agir pour la transparence, le respect de la dignit\u00e9 humaine et la bonne communication officielle dans la gestion de la lutte contre [&hellip;]<\/p>\n","protected":false},"author":1,"featured_media":1213,"comment_status":"open","ping_status":"open","sticky":false,"template":"","format":"standard","meta":[],"categories":[3,13],"tags":[],"_links":{"self":[{"href":"https:\/\/conafed.org\/index.php\/wp-json\/wp\/v2\/posts\/1208"}],"collection":[{"href":"https:\/\/conafed.org\/index.php\/wp-json\/wp\/v2\/posts"}],"about":[{"href":"https:\/\/conafed.org\/index.php\/wp-json\/wp\/v2\/types\/post"}],"author":[{"embeddable":true,"href":"https:\/\/conafed.org\/index.php\/wp-json\/wp\/v2\/users\/1"}],"replies":[{"embeddable":true,"href":"https:\/\/conafed.org\/index.php\/wp-json\/wp\/v2\/comments?post=1208"}],"version-history":[{"count":4,"href":"https:\/\/conafed.org\/index.php\/wp-json\/wp\/v2\/posts\/1208\/revisions"}],"predecessor-version":[{"id":1216,"href":"https:\/\/conafed.org\/index.php\/wp-json\/wp\/v2\/posts\/1208\/revisions\/1216"}],"wp:featuredmedia":[{"embeddable":true,"href":"https:\/\/conafed.org\/index.php\/wp-json\/wp\/v2\/media\/1213"}],"wp:attachment":[{"href":"https:\/\/conafed.org\/index.php\/wp-json\/wp\/v2\/media?parent=1208"}],"wp:term":[{"taxonomy":"category","embeddable":true,"href":"https:\/\/conafed.org\/index.php\/wp-json\/wp\/v2\/categories?post=1208"},{"taxonomy":"post_tag","embeddable":true,"href":"https:\/\/conafed.org\/index.php\/wp-json\/wp\/v2\/tags?post=1208"}],"curies":[{"name":"wp","href":"https:\/\/api.w.org\/{rel}","templated":true}]}}