{"id":1493,"date":"2021-12-10T14:56:55","date_gmt":"2021-12-10T13:56:55","guid":{"rendered":"http:\/\/conafed.org\/?p=1493"},"modified":"2021-12-10T14:56:58","modified_gmt":"2021-12-10T13:56:58","slug":"forum-national-genre-et-securite-sociale","status":"publish","type":"post","link":"https:\/\/conafed.org\/index.php\/2021\/12\/10\/forum-national-genre-et-securite-sociale\/","title":{"rendered":"Forum National Genre et S\u00e9curit\u00e9 Sociale"},"content":{"rendered":"\n<p>Lire aussi les diff\u00e9rents articles :<\/p>\n\n\n\n<p><a href=\"https:\/\/www.lisapo.info\/securite-sociale-pour-les-acteurs-de-la-societe-civile-le-conafed-sensibilise\/\">https:\/\/www.lisapo.info\/securite-sociale-pour-les-acteurs-de-la-societe-civile-le-conafed-sensibilise\/<\/a><\/p>\n\n\n\n<p><a href=\"https:\/\/www.lisapo.info\/securite-sociale-les-ong-appelees-a-affilier-leurs-membres-et-employes\/\">https:\/\/www.lisapo.info\/securite-sociale-les-ong-appelees-a-affilier-leurs-membres-et-employes\/<\/a><\/p>\n\n\n\n<figure class=\"wp-block-embed-wordpress wp-block-embed is-type-wp-embed is-provider-acpcongo\"><div class=\"wp-block-embed__wrapper\">\n<div class=\"oceanwp-oembed-wrap clr\"><blockquote class=\"wp-embedded-content\" data-secret=\"Br5uP0HBLs\"><a href=\"https:\/\/acpcongo.com\/index.php\/2021\/12\/07\/ouverture-a-kinshasa-du-forum-national-genre-societe-civile-et-securite-sociale\/\">Ouverture \u00e0 Kinshasa du Forum national genre, soci\u00e9t\u00e9 civile et s\u00e9curit\u00e9 sociale<\/a><\/blockquote><iframe class=\"wp-embedded-content\" sandbox=\"allow-scripts\" security=\"restricted\" style=\"position: absolute; clip: rect(1px, 1px, 1px, 1px);\" title=\"\u00ab\u00a0Ouverture \u00e0 Kinshasa du Forum national genre, soci\u00e9t\u00e9 civile et s\u00e9curit\u00e9 sociale\u00a0\u00bb &#8212; acpcongo\" src=\"https:\/\/acpcongo.com\/index.php\/2021\/12\/07\/ouverture-a-kinshasa-du-forum-national-genre-societe-civile-et-securite-sociale\/embed\/#?secret=ewmvP1xXHG#?secret=Br5uP0HBLs\" data-secret=\"Br5uP0HBLs\" width=\"600\" height=\"338\" frameborder=\"0\" marginwidth=\"0\" marginheight=\"0\" scrolling=\"no\"><\/iframe><\/div>\n<\/div><\/figure>\n\n\n\n<figure class=\"wp-block-embed-wordpress wp-block-embed is-type-wp-embed is-provider-acpcongo\"><div class=\"wp-block-embed__wrapper\">\n<div class=\"oceanwp-oembed-wrap clr\"><blockquote class=\"wp-embedded-content\" data-secret=\"swJl3dUX3f\"><a href=\"https:\/\/acpcongo.com\/index.php\/2021\/12\/07\/les-agents-des-ongd-partenaires-de-diakonia-invites-a-souscrire-a-la-cnss-pour-une-securite-sociale\/\">Les agents des ONGD partenaires de Diakonia invit\u00e9s \u00e0 souscrire \u00e0 la CNSS pour une s\u00e9curit\u00e9 sociale<\/a><\/blockquote><iframe class=\"wp-embedded-content\" sandbox=\"allow-scripts\" security=\"restricted\" style=\"position: absolute; clip: rect(1px, 1px, 1px, 1px);\" title=\"\u00ab\u00a0Les agents des ONGD partenaires de Diakonia invit\u00e9s \u00e0 souscrire \u00e0 la CNSS pour une s\u00e9curit\u00e9 sociale\u00a0\u00bb &#8212; acpcongo\" src=\"https:\/\/acpcongo.com\/index.php\/2021\/12\/07\/les-agents-des-ongd-partenaires-de-diakonia-invites-a-souscrire-a-la-cnss-pour-une-securite-sociale\/embed\/#?secret=6YaqGHXpJ4#?secret=swJl3dUX3f\" data-secret=\"swJl3dUX3f\" width=\"600\" height=\"338\" frameborder=\"0\" marginwidth=\"0\" marginheight=\"0\" scrolling=\"no\"><\/iframe><\/div>\n<\/div><\/figure>\n\n\n\n<figure class=\"wp-block-embed-wordpress wp-block-embed is-type-wp-embed is-provider-acpcongo\"><div class=\"wp-block-embed__wrapper\">\n<div class=\"oceanwp-oembed-wrap clr\"><blockquote class=\"wp-embedded-content\" data-secret=\"xsQl3fAzkR\"><a href=\"https:\/\/acpcongo.com\/index.php\/2021\/12\/09\/le-gouvernement-congolais-appele-a-depolitiser-la-cnss-en-faveur-des-agents-des-ongd\/\">Le gouvernement congolais appel\u00e9 \u00e0 d\u00e9politiser la CNSS en faveur des agents des ONGD<\/a><\/blockquote><iframe class=\"wp-embedded-content\" sandbox=\"allow-scripts\" security=\"restricted\" style=\"position: absolute; clip: rect(1px, 1px, 1px, 1px);\" title=\"\u00ab\u00a0Le gouvernement congolais appel\u00e9 \u00e0 d\u00e9politiser la CNSS en faveur des agents des ONGD\u00a0\u00bb &#8212; acpcongo\" src=\"https:\/\/acpcongo.com\/index.php\/2021\/12\/09\/le-gouvernement-congolais-appele-a-depolitiser-la-cnss-en-faveur-des-agents-des-ongd\/embed\/#?secret=KJ0RUEp7R5#?secret=xsQl3fAzkR\" data-secret=\"xsQl3fAzkR\" width=\"600\" height=\"338\" frameborder=\"0\" marginwidth=\"0\" marginheight=\"0\" scrolling=\"no\"><\/iframe><\/div>\n<\/div><\/figure>\n\n\n\n<p><\/p>\n","protected":false},"excerpt":{"rendered":"<p>Lire aussi les diff\u00e9rents articles : https:\/\/www.lisapo.info\/securite-sociale-pour-les-acteurs-de-la-societe-civile-le-conafed-sensibilise\/ https:\/\/www.lisapo.info\/securite-sociale-les-ong-appelees-a-affilier-leurs-membres-et-employes\/<\/p>\n","protected":false},"author":1,"featured_media":0,"comment_status":"open","ping_status":"open","sticky":false,"template":"","format":"standard","meta":[],"categories":[1],"tags":[],"_links":{"self":[{"href":"https:\/\/conafed.org\/index.php\/wp-json\/wp\/v2\/posts\/1493"}],"collection":[{"href":"https:\/\/conafed.org\/index.php\/wp-json\/wp\/v2\/posts"}],"about":[{"href":"https:\/\/conafed.org\/index.php\/wp-json\/wp\/v2\/types\/post"}],"author":[{"embeddable":true,"href":"https:\/\/conafed.org\/index.php\/wp-json\/wp\/v2\/users\/1"}],"replies":[{"embeddable":true,"href":"https:\/\/conafed.org\/index.php\/wp-json\/wp\/v2\/comments?post=1493"}],"version-history":[{"count":1,"href":"https:\/\/conafed.org\/index.php\/wp-json\/wp\/v2\/posts\/1493\/revisions"}],"predecessor-version":[{"id":1494,"href":"https:\/\/conafed.org\/index.php\/wp-json\/wp\/v2\/posts\/1493\/revisions\/1494"}],"wp:attachment":[{"href":"https:\/\/conafed.org\/index.php\/wp-json\/wp\/v2\/media?parent=1493"}],"wp:term":[{"taxonomy":"category","embeddable":true,"href":"https:\/\/conafed.org\/index.php\/wp-json\/wp\/v2\/categories?post=1493"},{"taxonomy":"post_tag","embeddable":true,"href":"https:\/\/conafed.org\/index.php\/wp-json\/wp\/v2\/tags?post=1493"}],"curies":[{"name":"wp","href":"https:\/\/api.w.org\/{rel}","templated":true}]}}