{"id":1555,"date":"2022-04-21T16:21:31","date_gmt":"2022-04-21T14:21:31","guid":{"rendered":"http:\/\/conafed.org\/?p=1555"},"modified":"2022-09-21T17:57:52","modified_gmt":"2022-09-21T15:57:52","slug":"plaidoyer-sur-la-participation-politique-des-femmes-en-rdc-le-gouvernement-congolais-appele-au-respect-des-textes","status":"publish","type":"post","link":"https:\/\/conafed.org\/index.php\/2022\/04\/21\/plaidoyer-sur-la-participation-politique-des-femmes-en-rdc-le-gouvernement-congolais-appele-au-respect-des-textes\/","title":{"rendered":"Plaidoyer sur la participation politique des femmes en RDC : le gouvernement congolais appel\u00e9 au respect des textes"},"content":{"rendered":"\t\t<div data-elementor-type=\"wp-post\" data-elementor-id=\"1555\" class=\"elementor elementor-1555\">\n\t\t\t\t\t\t<div class=\"elementor-inner\">\n\t\t\t\t<div class=\"elementor-section-wrap\">\n\t\t\t\t\t\t\t\t\t<section class=\"elementor-section elementor-top-section elementor-element elementor-element-50efb841 elementor-section-boxed elementor-section-height-default elementor-section-height-default wpr-particle-no wpr-jarallax-no wpr-parallax-no wpr-sticky-section-no\" data-id=\"50efb841\" data-element_type=\"section\" data-settings=\"{&quot;_ha_eqh_enable&quot;:false}\">\n\t\t\t\t\t\t<div class=\"elementor-container elementor-column-gap-default\">\n\t\t\t\t\t\t\t<div class=\"elementor-row\">\n\t\t\t\t\t<div class=\"elementor-column elementor-col-50 elementor-top-column elementor-element elementor-element-73d43652\" data-id=\"73d43652\" data-element_type=\"column\">\n\t\t\t<div class=\"elementor-column-wrap elementor-element-populated\">\n\t\t\t\t\t\t\t<div class=\"elementor-widget-wrap\">\n\t\t\t\t\t\t<div class=\"elementor-element elementor-element-7977945d elementor-widget elementor-widget-text-editor\" data-id=\"7977945d\" data-element_type=\"widget\" data-widget_type=\"text-editor.default\">\n\t\t\t\t<div class=\"elementor-widget-container\">\n\t\t\t\t\t\t\t\t<div class=\"elementor-text-editor elementor-clearfix\">\n\t\t\t\t<!-- wp:gallery {\"linkTo\":\"none\"} -->\n<figure class=\"wp-block-gallery has-nested-images columns-default is-cropped\"><!-- wp:image {\"id\":1558,\"linkDestination\":\"none\"} -->\n<figure class=\"wp-block-image\"><img loading=\"lazy\" width=\"720\" height=\"399\" src=\"http:\/\/conafed.org\/wp-content\/uploads\/2022\/04\/point-de-presse-1-2-720x399.jpg\" alt=\"\" class=\"wp-image-1558\"\/><figcaption><em>Le Staff du CONAFED lors du point de presse sur la participation politique des femmes<\/em><\/figcaption><\/figure>\n<!-- \/wp:image --><\/figure>\n<!-- \/wp:gallery -->\n\n<!-- wp:paragraph -->\n<p>Le Comit\u00e9 National Femme et D\u00e9veloppement (CONAFED), avec l\u2019appui technique et financier de l\u2019Union europ\u00e9enne \u00e0 travers FEMNET et OXFAM, a pr\u00e9sent\u00e9, au cours d\u2019une conf\u00e9rence de presse, mercredi 20 avril en la salle de conf\u00e9rence du centre catholique Loyola dans la commune de la Gombe, le rapport de plaidoyer relatif \u00e0 la participation politique des femmes dans les instances de prise de d\u00e9cisions en RDC, r\u00e9alis\u00e9 dans les provinces de Kinshasa, Kwilu et Sud-Kivu.<\/p>\n<!-- \/wp:paragraph -->\n\n<!-- wp:paragraph -->\n<p>L\u2019objectif est d\u2019\u00e9valuer les actions men\u00e9es dans les trois provinces et de contribuer \u00e0 la participation politique des femmes dans les instances de prise de d\u00e9cision au niveau local, provincial et national. Une activit\u00e9 qui s\u2019inscrit dans le cadre du projet: \u201d <em>R\u00e9seau de Femmes Renforc\u00e9 pour plus d\u2019Impact\u201d<\/em>, une initiative quadriennal 2019-2022 financ\u00e9 par l\u2019UE et mise en \u0153uvre en Ethiopie, en \u00cele Maurice, au Kenya, au Mali, en RDC, au Rwanda et en Tunisie par le R\u00e9seau de D\u00e9veloppement et de Communication des Femmes africains (FEMNET), en partenariat avec des ONGI dont OXFAM GB pour la RDC.<\/p>\n<!-- \/wp:paragraph -->\n\n<!-- wp:image {\"id\":1559} -->\n<figure class=\"wp-block-image\"><img loading=\"lazy\" width=\"720\" height=\"399\" src=\"http:\/\/conafed.org\/wp-content\/uploads\/2022\/04\/point-de-presse-2-720x399.jpg\" alt=\"\" class=\"wp-image-1559\"\/><figcaption><em><strong>Lecture du rapport de plaidoyer par la Charg\u00e9e de Communication Genevi\u00e8ve Mulobo<\/strong><\/em><\/figcaption><\/figure>\n<!-- \/wp:image -->\n\n<!-- wp:paragraph -->\n<p>Ce rapport d\u00e9montre noir sur blanc que\nla RDC est loin d\u2019atteindre la parit\u00e9 malgr\u00e9 les diff\u00e9rents instruments\nnationaux et internationaux ratifi\u00e9s ainsi que les engagements pris.<br>\nSelon la Secr\u00e9taire Permanente du CONAFED, Mme\nJeanne Nzuzi Nsamba, lo<em>rs du plaidoyer men\u00e9\ndans les trois provinces, le Conafed a relev\u00e9 plusieurs probl\u00e8mes en ce qui\nconcerne la participation politique de la femme dans les instances de prise de\nd\u00e9cision. \u00ab&nbsp;<\/em><em>Nous avons des lois sur les droits des femmes, le pays a ratifi\u00e9\nplusieurs instruments juridiques sur les droits des femmes, mais 25 ans apr\u00e8s,\nnous n\u2019avons pas encore atteint les 30% qui ont \u00e9t\u00e9 propos\u00e9s par la conf\u00e9rence\nde Beijing. Au-del\u00e0 de \u00e7a, nous avons la constitution qui pr\u00f4ne la parit\u00e9. A\nKinshasa, la capitale congolaise, le CONAFED a men\u00e9 des actions de plaidoyer\naupr\u00e8s du minist\u00e8re du Genre, Famille et Enfant, pour la signature par le\nPremier ministre d\u2019un d\u00e9cret-loi de la mise en \u0153uvre du Comit\u00e9 Interminist\u00e9riel\nainsi que du Conseil National Genre et Parit\u00e9 conform\u00e9ment \u00e0 la loi n\u00b015\/013 du\n1er ao\u00fbt 2015 sur les Droits des femmes et de Parit\u00e9<\/em><em> <\/em><em>\u00bb<\/em>, a-t-elle soulign\u00e9.<\/p>\n<!-- \/wp:paragraph -->\n\n<!-- wp:gallery {\"linkTo\":\"none\"} -->\n<figure class=\"wp-block-gallery has-nested-images columns-default is-cropped\"><!-- wp:image {\"id\":1560,\"linkDestination\":\"none\"} -->\n<figure class=\"wp-block-image\"><img loading=\"lazy\" width=\"720\" height=\"399\" src=\"http:\/\/conafed.org\/wp-content\/uploads\/2022\/04\/point-de-presse-3-720x399.jpg\" alt=\"\" class=\"wp-image-1560\"\/><figcaption><em><strong>Une vue de l&#8217;assistance<\/strong><\/em><\/figcaption><\/figure>\n<!-- \/wp:image --><\/figure>\n<!-- \/wp:gallery -->\n\n<!-- wp:paragraph -->\n<p>Pa ailleurs, le charg\u00e9 de programme du\nConafed, Rodin Muvuvu indique que c\u2019est depuis trois ans que le CONAFED\nparticipe aux ateliers pour proposer les reformes \u00e9lectorales relative \u00e0 la\nrepr\u00e9sentation de la femme. Le gouvernement congolais est appel\u00e9 \u00e0 respecter la\nConstitution qui parle de la parit\u00e9 homme-femme dans toutes les institutions\npolitique du pays. \u00ab&nbsp;Dans les deux chambres du parlement par exemple, il\nn\u2019y a que 12% des femmes \u00e0 l\u2019Assembl\u00e9e nationale et 23% au Senat. C\u2019est loin de\nla parit\u00e9 ! \u00bb, a-t-il r\u00e9v\u00e9l\u00e9.<\/p>\n<!-- \/wp:paragraph -->\n\n<!-- wp:paragraph -->\n<p>Le CONAFED poursuit le plaidoyer pour qu\u2019il y ait plus de\nfemmes candidates et \u00e9lues lors des prochaines \u00e9lections de 2023. Cela par\nrapport \u00e0 l\u2019Agenda 2063 de l\u2019Union Africaine.<\/p>\n<!-- \/wp:paragraph -->\n\n<!-- wp:paragraph -->\n<p><em>\u00ab Pour que la femme soit \u00e9lue, elle doit adh\u00e9rer dans un parti\npolitique. Il faut la volont\u00e9 politique de ce parti pour aligner les femmes sur\nles listes \u00e9lectorales. Raison pour laquelle, le CONAFED sensibilise les partis\net regroupements politiques pour aligner plus des femmes \u00bb<\/em>,\nnous confie la secr\u00e9taire permanente.<\/p>\n<!-- \/wp:paragraph -->\n\n<!-- wp:paragraph -->\n<p>Ce plaidoyer sera une fa\u00e7on d\u2019exiger au gouvernement de nommer les femmes dans toutes les instances de prise de d\u00e9cisions.<\/p>\n<!-- \/wp:paragraph -->\n\n<!-- wp:paragraph {\"align\":\"right\"} -->\n<p class=\"has-text-align-right\"><strong>G\u00e9nie Mulobo<\/strong><\/p>\n<!-- \/wp:paragraph -->\t\t\t\t\t<\/div>\n\t\t\t\t\t\t<\/div>\n\t\t\t\t<\/div>\n\t\t\t\t\t\t<\/div>\n\t\t\t\t\t<\/div>\n\t\t<\/div>\n\t\t\t\t<div class=\"elementor-column elementor-col-50 elementor-top-column elementor-element elementor-element-0832901 elementor-hidden-tablet elementor-hidden-mobile\" data-id=\"0832901\" data-element_type=\"column\">\n\t\t\t<div class=\"elementor-column-wrap elementor-element-populated\">\n\t\t\t\t\t\t\t<div class=\"elementor-widget-wrap\">\n\t\t\t\t\t\t<div class=\"elementor-element elementor-element-a830d1c wpr-list-style-none elementor-widget elementor-widget-wpr-posts-timeline\" data-id=\"a830d1c\" data-element_type=\"widget\" data-settings=\"{&quot;animation_offset&quot;:150,&quot;aos_animation_duration&quot;:600,&quot;excerpt_count&quot;:10}\" data-widget_type=\"wpr-posts-timeline.default\">\n\t\t\t\t<div class=\"elementor-widget-container\">\n\t\t\t<div class=\"wpr-wrapper wpr-vertical wpr-one-sided-wrapper-left\"><div class=\"wpr-timeline-centered wpr-line wpr-one-sided-timeline-left\"  data-pagination=\"\" data-max-pages=\"38\" data-arrow-bgcolor=\"#FFFFFF\"><div class=\"wpr-middle-line\"><\/div><div class=\"wpr-timeline-fill\" data-layout=\"one-sided-left\"><\/div><article class=\"wpr-timeline-entry wpr-left-aligned\" data-counter=\"0\"><time class=\"wpr-extra-label\" data-aos=\"fade\" data-aos-left=\"\" data-aos-right=\"\" data-animation-offset=\"150\" data-animation-duration=\"600\">\r\n                                <span class=\"wpr-label\">mai 10, 2019<\/span>\r\n                            <\/time><div class=\"wpr-timeline-entry-inner\"><div class=\"wpr-main-line-icon wpr-icon\"><i aria-hidden=\"true\" class=\"fas fa-info-circle\"><\/i><\/div><div class=\"wpr-story-info-vertical wpr-data-wrap animated \" data-aos=\"fade\" data-aos-left=\"\" data-aos-right=\"\" data-animation-offset=\"150\" data-animation-duration=\"600\"><div class=\"wpr-animation-wrap wpr-timeline-media\"><img class=\"wpr-thumbnail-image\" src=\"https:\/\/conafed.org\/wp-content\/uploads\/2019\/05\/9.-CBDF-Ong.jpg\"><\/div><div class=\"wpr-timeline-content-wrapper\"><p class=\"wpr-title-wrap\"><a class=\"wpr-title\"  href=\"https:\/\/conafed.org\/index.php\/2019\/05\/10\/une-mission-dechanges-et-dexperiences-entre-la-societe-civile-de-la-rdc-et-celle-de-ouagadougou-avec-lappui-de-diakonia\/\">Une mission d\u2019\u00e9change d\u2019exp\u00e9riences entre la soci\u00e9t\u00e9 civile de la RDC et celle du Burkina Faso \u00e0 Ouagadougou (avec l\u2019appui de DIAKONIA)<\/a><\/p><div class=\"wpr-inner-date-label\">\r\n\t\t\t\t\t\t\t\t\t\tmai 10, 2019\r\n\t\t\t\t\t\t\t\t\t<\/div><div class=\"wpr-description\">Du 27 avril au 6 mai 2019, une \u00e9quipe de\u2026<\/div><div class=\"wpr-read-more-wrap\"><a class=\"wpr-read-more-button\" href=\"https:\/\/conafed.org\/index.php\/2019\/05\/10\/une-mission-dechanges-et-dexperiences-entre-la-societe-civile-de-la-rdc-et-celle-de-ouagadougou-avec-lappui-de-diakonia\/\">Lire plus<\/a><\/div><\/div><\/div><\/div><\/article><article class=\"wpr-timeline-entry wpr-left-aligned\" data-counter=\"1\"><time class=\"wpr-extra-label\" data-aos=\"fade\" data-aos-left=\"\" data-aos-right=\"\" data-animation-offset=\"150\" data-animation-duration=\"600\">\r\n                                <span class=\"wpr-label\">mars 30, 2026<\/span>\r\n                            <\/time><div class=\"wpr-timeline-entry-inner\"><div class=\"wpr-main-line-icon wpr-icon\"><i aria-hidden=\"true\" class=\"fas fa-info-circle\"><\/i><\/div><div class=\"wpr-story-info-vertical wpr-data-wrap animated \" data-aos=\"fade\" data-aos-left=\"\" data-aos-right=\"\" data-animation-offset=\"150\" data-animation-duration=\"600\"><div class=\"wpr-animation-wrap wpr-timeline-media\"><img class=\"wpr-thumbnail-image\" src=\"https:\/\/conafed.org\/wp-content\/uploads\/2026\/03\/refed-ko-b.jpg\"><\/div><div class=\"wpr-timeline-content-wrapper\"><p class=\"wpr-title-wrap\"><a class=\"wpr-title\"  href=\"https:\/\/conafed.org\/index.php\/2026\/03\/30\/les-refed-kasai-central-et-oriental-sensibilisent-les-hommes-femmes-et-filles-sur-les-droits-des-femmes\/\">les REFED Kasa\u00ef Central et Oriental sensibilisent les hommes, femmes et filles sur les droits des femmes<\/a><\/p><div class=\"wpr-inner-date-label\">\r\n\t\t\t\t\t\t\t\t\t\tmars 30, 2026\r\n\t\t\t\t\t\t\t\t\t<\/div><div class=\"wpr-description\">Plus de cinquante femmes, hommes et jeunes fille ont \u00e9t\u00e9s\u2026<\/div><div class=\"wpr-read-more-wrap\"><a class=\"wpr-read-more-button\" href=\"https:\/\/conafed.org\/index.php\/2026\/03\/30\/les-refed-kasai-central-et-oriental-sensibilisent-les-hommes-femmes-et-filles-sur-les-droits-des-femmes\/\">Lire plus<\/a><\/div><\/div><\/div><\/div><\/article><article class=\"wpr-timeline-entry wpr-left-aligned\" data-counter=\"2\"><time class=\"wpr-extra-label\" data-aos=\"fade\" data-aos-left=\"\" data-aos-right=\"\" data-animation-offset=\"150\" data-animation-duration=\"600\">\r\n                                <span class=\"wpr-label\">mars 18, 2026<\/span>\r\n                            <\/time><div class=\"wpr-timeline-entry-inner\"><div class=\"wpr-main-line-icon wpr-icon\"><i aria-hidden=\"true\" class=\"fas fa-info-circle\"><\/i><\/div><div class=\"wpr-story-info-vertical wpr-data-wrap animated \" data-aos=\"fade\" data-aos-left=\"\" data-aos-right=\"\" data-animation-offset=\"150\" data-animation-duration=\"600\"><div class=\"wpr-animation-wrap wpr-timeline-media\"><img class=\"wpr-thumbnail-image\" src=\"https:\/\/conafed.org\/wp-content\/uploads\/2026\/03\/jeanne-4.jpg\"><\/div><div class=\"wpr-timeline-content-wrapper\"><p class=\"wpr-title-wrap\"><a class=\"wpr-title\"  href=\"https:\/\/conafed.org\/index.php\/2026\/03\/18\/mois-de-droits-des-femmes-conafed-sensibilise-les-eleves-de-linstitut-bobokoli-sur-lautonomisation-des-femmes-et-des-filles\/\">Mois de droits des femmes\u00a0: CONAFED sensibilise les \u00e9l\u00e8ves de l\u2019Institut Bobokoli sur l\u2019autonomisation des femmes et des filles<\/a><\/p><div class=\"wpr-inner-date-label\">\r\n\t\t\t\t\t\t\t\t\t\tmars 18, 2026\r\n\t\t\t\t\t\t\t\t\t<\/div><div class=\"wpr-description\">En marge des activit\u00e9s du mois de la femme, le\u2026<\/div><div class=\"wpr-read-more-wrap\"><a class=\"wpr-read-more-button\" href=\"https:\/\/conafed.org\/index.php\/2026\/03\/18\/mois-de-droits-des-femmes-conafed-sensibilise-les-eleves-de-linstitut-bobokoli-sur-lautonomisation-des-femmes-et-des-filles\/\">Lire plus<\/a><\/div><\/div><\/div><\/div><\/article><article class=\"wpr-timeline-entry wpr-left-aligned\" data-counter=\"3\"><time class=\"wpr-extra-label\" data-aos=\"fade\" data-aos-left=\"\" data-aos-right=\"\" data-animation-offset=\"150\" data-animation-duration=\"600\">\r\n                                <span class=\"wpr-label\">d\u00e9cembre 9, 2025<\/span>\r\n                            <\/time><div class=\"wpr-timeline-entry-inner\"><div class=\"wpr-main-line-icon wpr-icon\"><i aria-hidden=\"true\" class=\"fas fa-info-circle\"><\/i><\/div><div class=\"wpr-story-info-vertical wpr-data-wrap animated \" data-aos=\"fade\" data-aos-left=\"\" data-aos-right=\"\" data-animation-offset=\"150\" data-animation-duration=\"600\"><div class=\"wpr-animation-wrap wpr-timeline-media\"><img class=\"wpr-thumbnail-image\" src=\"https:\/\/conafed.org\/wp-content\/uploads\/2025\/12\/inongo.jpg\"><\/div><div class=\"wpr-timeline-content-wrapper\"><p class=\"wpr-title-wrap\"><a class=\"wpr-title\"  href=\"https:\/\/conafed.org\/index.php\/2025\/12\/09\/16-jours-dactivisme-contre-les-vbg-conafed-et-refed-sensibilisent-les-femmes-et-les-filles-sur-les-12-domaines-de-beijing\/\">16 jours d\u2019activisme contre les VBG\u00a0: Conafed et Refed sensibilisent les femmes et les filles sur les 12 domaines de Beijing<\/a><\/p><div class=\"wpr-inner-date-label\">\r\n\t\t\t\t\t\t\t\t\t\td\u00e9cembre 9, 2025\r\n\t\t\t\t\t\t\t\t\t<\/div><div class=\"wpr-description\">En marge de la campagne internationale des 16 jours d\u2019activisme\u2026<\/div><div class=\"wpr-read-more-wrap\"><a class=\"wpr-read-more-button\" href=\"https:\/\/conafed.org\/index.php\/2025\/12\/09\/16-jours-dactivisme-contre-les-vbg-conafed-et-refed-sensibilisent-les-femmes-et-les-filles-sur-les-12-domaines-de-beijing\/\">Lire plus<\/a><\/div><\/div><\/div><\/div><\/article><article class=\"wpr-timeline-entry wpr-left-aligned\" data-counter=\"4\"><time class=\"wpr-extra-label\" data-aos=\"fade\" data-aos-left=\"\" data-aos-right=\"\" data-animation-offset=\"150\" data-animation-duration=\"600\">\r\n                                <span class=\"wpr-label\">novembre 10, 2025<\/span>\r\n                            <\/time><div class=\"wpr-timeline-entry-inner\"><div class=\"wpr-main-line-icon wpr-icon\"><i aria-hidden=\"true\" class=\"fas fa-info-circle\"><\/i><\/div><div class=\"wpr-story-info-vertical wpr-data-wrap animated \" data-aos=\"fade\" data-aos-left=\"\" data-aos-right=\"\" data-animation-offset=\"150\" data-animation-duration=\"600\"><div class=\"wpr-animation-wrap wpr-timeline-media\"><img class=\"wpr-thumbnail-image\" src=\"https:\/\/conafed.org\/wp-content\/uploads\/2025\/11\/IMG-20251110-WA0003.jpg\"><\/div><div class=\"wpr-timeline-content-wrapper\"><p class=\"wpr-title-wrap\"><a class=\"wpr-title\"  href=\"https:\/\/conafed.org\/index.php\/2025\/11\/10\/le-conafed-renforce-en-entrepreneuriat\/\">Le CONAFED renforc\u00e9 en entrepreneuriat<\/a><\/p><div class=\"wpr-inner-date-label\">\r\n\t\t\t\t\t\t\t\t\t\tnovembre 10, 2025\r\n\t\t\t\t\t\t\t\t\t<\/div><div class=\"wpr-description\">Du 27 octobre au 6 novembre 2025 \u00e0 Kinshasa, le\u2026<\/div><div class=\"wpr-read-more-wrap\"><a class=\"wpr-read-more-button\" href=\"https:\/\/conafed.org\/index.php\/2025\/11\/10\/le-conafed-renforce-en-entrepreneuriat\/\">Lire plus<\/a><\/div><\/div><\/div><\/div><\/article><\/div><\/div>\t\t<\/div>\n\t\t\t\t<\/div>\n\t\t\t\t\t\t<\/div>\n\t\t\t\t\t<\/div>\n\t\t<\/div>\n\t\t\t\t\t\t\t\t<\/div>\n\t\t\t\t\t<\/div>\n\t\t<\/section>\n\t\t\t\t\t\t\t\t\t<\/div>\n\t\t\t<\/div>\n\t\t\t\t\t<\/div>\n\t\t","protected":false},"excerpt":{"rendered":"<p>Le Comit\u00e9 National Femme et D\u00e9veloppement (CONAFED), avec l\u2019appui technique et financier de l\u2019Union europ\u00e9enne \u00e0 travers FEMNET et OXFAM, a pr\u00e9sent\u00e9, au cours d\u2019une conf\u00e9rence de presse, mercredi 20 avril en la salle de conf\u00e9rence du centre catholique Loyola dans la commune de la Gombe, le rapport de plaidoyer relatif \u00e0 la participation politique [&hellip;]<\/p>\n","protected":false},"author":1,"featured_media":1556,"comment_status":"open","ping_status":"open","sticky":false,"template":"","format":"standard","meta":[],"categories":[3],"tags":[],"_links":{"self":[{"href":"https:\/\/conafed.org\/index.php\/wp-json\/wp\/v2\/posts\/1555"}],"collection":[{"href":"https:\/\/conafed.org\/index.php\/wp-json\/wp\/v2\/posts"}],"about":[{"href":"https:\/\/conafed.org\/index.php\/wp-json\/wp\/v2\/types\/post"}],"author":[{"embeddable":true,"href":"https:\/\/conafed.org\/index.php\/wp-json\/wp\/v2\/users\/1"}],"replies":[{"embeddable":true,"href":"https:\/\/conafed.org\/index.php\/wp-json\/wp\/v2\/comments?post=1555"}],"version-history":[{"count":5,"href":"https:\/\/conafed.org\/index.php\/wp-json\/wp\/v2\/posts\/1555\/revisions"}],"predecessor-version":[{"id":2480,"href":"https:\/\/conafed.org\/index.php\/wp-json\/wp\/v2\/posts\/1555\/revisions\/2480"}],"wp:featuredmedia":[{"embeddable":true,"href":"https:\/\/conafed.org\/index.php\/wp-json\/wp\/v2\/media\/1556"}],"wp:attachment":[{"href":"https:\/\/conafed.org\/index.php\/wp-json\/wp\/v2\/media?parent=1555"}],"wp:term":[{"taxonomy":"category","embeddable":true,"href":"https:\/\/conafed.org\/index.php\/wp-json\/wp\/v2\/categories?post=1555"},{"taxonomy":"post_tag","embeddable":true,"href":"https:\/\/conafed.org\/index.php\/wp-json\/wp\/v2\/tags?post=1555"}],"curies":[{"name":"wp","href":"https:\/\/api.w.org\/{rel}","templated":true}]}}