{"id":1563,"date":"2022-06-03T15:49:32","date_gmt":"2022-06-03T13:49:32","guid":{"rendered":"http:\/\/conafed.org\/?p=1563"},"modified":"2022-09-21T17:51:36","modified_gmt":"2022-09-21T15:51:36","slug":"adoption-du-rapport-de-la-commission-paj-la-liste-electorale-paritaire-sera-exemptee-de-la-caution","status":"publish","type":"post","link":"https:\/\/conafed.org\/index.php\/2022\/06\/03\/adoption-du-rapport-de-la-commission-paj-la-liste-electorale-paritaire-sera-exemptee-de-la-caution\/","title":{"rendered":"Adoption du rapport de la commission PAJ : la liste \u00e9lectorale paritaire sera exempt\u00e9e de la caution"},"content":{"rendered":"\t\t<div data-elementor-type=\"wp-post\" data-elementor-id=\"1563\" class=\"elementor elementor-1563\">\n\t\t\t\t\t\t<div class=\"elementor-inner\">\n\t\t\t\t<div class=\"elementor-section-wrap\">\n\t\t\t\t\t\t\t\t\t<section class=\"elementor-section elementor-top-section elementor-element elementor-element-4d57c4ca elementor-section-boxed elementor-section-height-default elementor-section-height-default wpr-particle-no wpr-jarallax-no wpr-parallax-no wpr-sticky-section-no\" data-id=\"4d57c4ca\" data-element_type=\"section\" data-settings=\"{&quot;_ha_eqh_enable&quot;:false}\">\n\t\t\t\t\t\t<div class=\"elementor-container elementor-column-gap-default\">\n\t\t\t\t\t\t\t<div class=\"elementor-row\">\n\t\t\t\t\t<div class=\"elementor-column elementor-col-50 elementor-top-column elementor-element elementor-element-40d234b1\" data-id=\"40d234b1\" data-element_type=\"column\">\n\t\t\t<div class=\"elementor-column-wrap elementor-element-populated\">\n\t\t\t\t\t\t\t<div class=\"elementor-widget-wrap\">\n\t\t\t\t\t\t<div class=\"elementor-element elementor-element-10166eb1 elementor-widget elementor-widget-text-editor\" data-id=\"10166eb1\" data-element_type=\"widget\" data-widget_type=\"text-editor.default\">\n\t\t\t\t<div class=\"elementor-widget-container\">\n\t\t\t\t\t\t\t\t<div class=\"elementor-text-editor elementor-clearfix\">\n\t\t\t\t<!-- wp:image {\"id\":1566} -->\n<figure class=\"wp-block-image\"><img loading=\"lazy\" width=\"720\" height=\"399\" src=\"http:\/\/conafed.org\/wp-content\/uploads\/2022\/06\/cafco1-1-720x399.jpg\" alt=\"\" class=\"wp-image-1566\"\/><\/figure>\n<!-- \/wp:image -->\n\n<!-- wp:paragraph -->\n<p>Ensemble avec CAFCO et diff\u00e9rentes organisations des droits des femmes, le Comit\u00e9 National Femme et D\u00e9veloppement, CONAFED a pris part au plaidoyer \u00e0 l&#8217;Assembl\u00e9e Nationale sur la repr\u00e9sentation paritaire dans les r\u00e9formes \u00e9lectorales.<br>Le rapport de la commission PAJ, pr\u00e9sent\u00e9 le jeudi 02 juin 2022 relatif \u00e0 la proposition de loi modifiant et compl\u00e9tant la loi \u00e9lectorale a \u00e9t\u00e9 d\u00e9clar\u00e9 recevable par les \u00e9lus du peuple.<br><\/p>\n<!-- \/wp:paragraph -->\n\n<!-- wp:image {\"id\":1567} -->\n<figure class=\"wp-block-image\"><img loading=\"lazy\" width=\"720\" height=\"399\" src=\"http:\/\/conafed.org\/wp-content\/uploads\/2022\/06\/cafco2-720x399.jpg\" alt=\"\" class=\"wp-image-1567\"\/><\/figure>\n<!-- \/wp:image -->\n\n<!-- wp:paragraph -->\n<p>L\u2019amendement apport\u00e9 \u00e0 l\u2019article 13 de la loi \u00e9lectorale qui consacre la parit\u00e9 est salu\u00e9 par les femmes militant pour l\u2019obtention de la parit\u00e9 50\/50.<br>Sur les 64 articles de cette proposition de loi, 2 articles ont \u00e9t\u00e9 adopt\u00e9s sans amendements, 20 articles ont \u00e9t\u00e9 adopt\u00e9s moyennant amendements de forme et du fond et 44 articles n\u2019ont pas \u00e9t\u00e9 retenus.<\/p>\n<!-- \/wp:paragraph -->\n\n<!-- wp:image {\"id\":1568} -->\n<figure class=\"wp-block-image\"><img loading=\"lazy\" width=\"720\" height=\"399\" src=\"http:\/\/conafed.org\/wp-content\/uploads\/2022\/06\/cafco3-720x399.jpg\" alt=\"\" class=\"wp-image-1568\"\/><\/figure>\n<!-- \/wp:image -->\n\n<!-- wp:paragraph -->\n<p><br>La liste \u00e9lectorale qui aligne 50% de femmes sera exempt\u00e9e du paiement de la caution, c\u2019est l\u2019amendement apport\u00e9 \u00e0 l\u2019article 13 de la loi \u00e9lectorale par les d\u00e9put\u00e9s Nationaux, via la commission Politique Administrative et Juridique. Une avanc\u00e9e pour la RDC, mais la lutte est encore longue.<\/p>\n<!-- \/wp:paragraph -->\n\n<!-- wp:paragraph {\"align\":\"right\"} -->\n<p class=\"has-text-align-right\"><strong>G\u00e9nie Mulobo<\/strong><\/p>\n<!-- \/wp:paragraph -->\t\t\t\t\t<\/div>\n\t\t\t\t\t\t<\/div>\n\t\t\t\t<\/div>\n\t\t\t\t\t\t<\/div>\n\t\t\t\t\t<\/div>\n\t\t<\/div>\n\t\t\t\t<div class=\"elementor-column elementor-col-50 elementor-top-column elementor-element elementor-element-da690c0 elementor-hidden-tablet elementor-hidden-mobile\" data-id=\"da690c0\" data-element_type=\"column\">\n\t\t\t<div class=\"elementor-column-wrap elementor-element-populated\">\n\t\t\t\t\t\t\t<div class=\"elementor-widget-wrap\">\n\t\t\t\t\t\t<div class=\"elementor-element elementor-element-6db0f26 wpr-list-style-none elementor-widget elementor-widget-wpr-posts-timeline\" data-id=\"6db0f26\" data-element_type=\"widget\" data-settings=\"{&quot;animation_offset&quot;:150,&quot;aos_animation_duration&quot;:600,&quot;excerpt_count&quot;:10}\" data-widget_type=\"wpr-posts-timeline.default\">\n\t\t\t\t<div class=\"elementor-widget-container\">\n\t\t\t<div class=\"wpr-wrapper wpr-vertical wpr-one-sided-wrapper-left\"><div class=\"wpr-timeline-centered wpr-line wpr-one-sided-timeline-left\"  data-pagination=\"\" data-max-pages=\"76\" data-arrow-bgcolor=\"#FFFFFF\"><div class=\"wpr-middle-line\"><\/div><div class=\"wpr-timeline-fill\" data-layout=\"one-sided-left\"><\/div><article class=\"wpr-timeline-entry wpr-left-aligned\" data-counter=\"0\"><time class=\"wpr-extra-label\" data-aos=\"fade\" data-aos-left=\"\" data-aos-right=\"\" data-animation-offset=\"150\" data-animation-duration=\"600\">\r\n                                <span class=\"wpr-label\">mai 10, 2019<\/span>\r\n                            <\/time><div class=\"wpr-timeline-entry-inner\"><div class=\"wpr-main-line-icon wpr-icon\"><i aria-hidden=\"true\" class=\"fas fa-info-circle\"><\/i><\/div><div class=\"wpr-story-info-vertical wpr-data-wrap animated \" data-aos=\"fade\" data-aos-left=\"\" data-aos-right=\"\" data-animation-offset=\"150\" data-animation-duration=\"600\"><div class=\"wpr-animation-wrap wpr-timeline-media\"><img class=\"wpr-thumbnail-image\" src=\"https:\/\/conafed.org\/wp-content\/uploads\/2019\/05\/9.-CBDF-Ong.jpg\"><\/div><div class=\"wpr-timeline-content-wrapper\"><p class=\"wpr-title-wrap\"><a class=\"wpr-title\"  href=\"https:\/\/conafed.org\/index.php\/2019\/05\/10\/une-mission-dechanges-et-dexperiences-entre-la-societe-civile-de-la-rdc-et-celle-de-ouagadougou-avec-lappui-de-diakonia\/\">Une mission d\u2019\u00e9change d\u2019exp\u00e9riences entre la soci\u00e9t\u00e9 civile de la RDC et celle du Burkina Faso \u00e0 Ouagadougou (avec l\u2019appui de DIAKONIA)<\/a><\/p><div class=\"wpr-inner-date-label\">\r\n\t\t\t\t\t\t\t\t\t\tmai 10, 2019\r\n\t\t\t\t\t\t\t\t\t<\/div><div class=\"wpr-description\">Du 27 avril au 6 mai 2019, une \u00e9quipe de\u2026<\/div><div class=\"wpr-read-more-wrap\"><a class=\"wpr-read-more-button\" href=\"https:\/\/conafed.org\/index.php\/2019\/05\/10\/une-mission-dechanges-et-dexperiences-entre-la-societe-civile-de-la-rdc-et-celle-de-ouagadougou-avec-lappui-de-diakonia\/\">Lire plus<\/a><\/div><\/div><\/div><\/div><\/article><article class=\"wpr-timeline-entry wpr-left-aligned\" data-counter=\"1\"><time class=\"wpr-extra-label\" data-aos=\"fade\" data-aos-left=\"\" data-aos-right=\"\" data-animation-offset=\"150\" data-animation-duration=\"600\">\r\n                                <span class=\"wpr-label\">mars 30, 2026<\/span>\r\n                            <\/time><div class=\"wpr-timeline-entry-inner\"><div class=\"wpr-main-line-icon wpr-icon\"><i aria-hidden=\"true\" class=\"fas fa-info-circle\"><\/i><\/div><div class=\"wpr-story-info-vertical wpr-data-wrap animated \" data-aos=\"fade\" data-aos-left=\"\" data-aos-right=\"\" data-animation-offset=\"150\" data-animation-duration=\"600\"><div class=\"wpr-animation-wrap wpr-timeline-media\"><img class=\"wpr-thumbnail-image\" src=\"https:\/\/conafed.org\/wp-content\/uploads\/2026\/03\/refed-ko-b.jpg\"><\/div><div class=\"wpr-timeline-content-wrapper\"><p class=\"wpr-title-wrap\"><a class=\"wpr-title\"  href=\"https:\/\/conafed.org\/index.php\/2026\/03\/30\/les-refed-kasai-central-et-oriental-sensibilisent-les-hommes-femmes-et-filles-sur-les-droits-des-femmes\/\">les REFED Kasa\u00ef Central et Oriental sensibilisent les hommes, femmes et filles sur les droits des femmes<\/a><\/p><div class=\"wpr-inner-date-label\">\r\n\t\t\t\t\t\t\t\t\t\tmars 30, 2026\r\n\t\t\t\t\t\t\t\t\t<\/div><div class=\"wpr-description\">Plus de cinquante femmes, hommes et jeunes fille ont \u00e9t\u00e9s\u2026<\/div><div class=\"wpr-read-more-wrap\"><a class=\"wpr-read-more-button\" href=\"https:\/\/conafed.org\/index.php\/2026\/03\/30\/les-refed-kasai-central-et-oriental-sensibilisent-les-hommes-femmes-et-filles-sur-les-droits-des-femmes\/\">Lire plus<\/a><\/div><\/div><\/div><\/div><\/article><article class=\"wpr-timeline-entry wpr-left-aligned\" data-counter=\"2\"><time class=\"wpr-extra-label\" data-aos=\"fade\" data-aos-left=\"\" data-aos-right=\"\" data-animation-offset=\"150\" data-animation-duration=\"600\">\r\n                                <span class=\"wpr-label\">mars 18, 2026<\/span>\r\n                            <\/time><div class=\"wpr-timeline-entry-inner\"><div class=\"wpr-main-line-icon wpr-icon\"><i aria-hidden=\"true\" class=\"fas fa-info-circle\"><\/i><\/div><div class=\"wpr-story-info-vertical wpr-data-wrap animated \" data-aos=\"fade\" data-aos-left=\"\" data-aos-right=\"\" data-animation-offset=\"150\" data-animation-duration=\"600\"><div class=\"wpr-animation-wrap wpr-timeline-media\"><img class=\"wpr-thumbnail-image\" src=\"https:\/\/conafed.org\/wp-content\/uploads\/2026\/03\/jeanne-4.jpg\"><\/div><div class=\"wpr-timeline-content-wrapper\"><p class=\"wpr-title-wrap\"><a class=\"wpr-title\"  href=\"https:\/\/conafed.org\/index.php\/2026\/03\/18\/mois-de-droits-des-femmes-conafed-sensibilise-les-eleves-de-linstitut-bobokoli-sur-lautonomisation-des-femmes-et-des-filles\/\">Mois de droits des femmes\u00a0: CONAFED sensibilise les \u00e9l\u00e8ves de l\u2019Institut Bobokoli sur l\u2019autonomisation des femmes et des filles<\/a><\/p><div class=\"wpr-inner-date-label\">\r\n\t\t\t\t\t\t\t\t\t\tmars 18, 2026\r\n\t\t\t\t\t\t\t\t\t<\/div><div class=\"wpr-description\">En marge des activit\u00e9s du mois de la femme, le\u2026<\/div><div class=\"wpr-read-more-wrap\"><a class=\"wpr-read-more-button\" href=\"https:\/\/conafed.org\/index.php\/2026\/03\/18\/mois-de-droits-des-femmes-conafed-sensibilise-les-eleves-de-linstitut-bobokoli-sur-lautonomisation-des-femmes-et-des-filles\/\">Lire plus<\/a><\/div><\/div><\/div><\/div><\/article><\/div><\/div>\t\t<\/div>\n\t\t\t\t<\/div>\n\t\t\t\t\t\t<\/div>\n\t\t\t\t\t<\/div>\n\t\t<\/div>\n\t\t\t\t\t\t\t\t<\/div>\n\t\t\t\t\t<\/div>\n\t\t<\/section>\n\t\t\t\t\t\t\t\t\t<\/div>\n\t\t\t<\/div>\n\t\t\t\t\t<\/div>\n\t\t","protected":false},"excerpt":{"rendered":"<p>Ensemble avec CAFCO et diff\u00e9rentes organisations des droits des femmes, le Comit\u00e9 National Femme et D\u00e9veloppement, CONAFED a pris part au plaidoyer \u00e0 l&#8217;Assembl\u00e9e Nationale sur la repr\u00e9sentation paritaire dans les r\u00e9formes \u00e9lectorales.Le rapport de la commission PAJ, pr\u00e9sent\u00e9 le jeudi 02 juin 2022 relatif \u00e0 la proposition de loi modifiant et compl\u00e9tant la loi [&hellip;]<\/p>\n","protected":false},"author":1,"featured_media":1565,"comment_status":"open","ping_status":"open","sticky":false,"template":"","format":"standard","meta":[],"categories":[3],"tags":[],"_links":{"self":[{"href":"https:\/\/conafed.org\/index.php\/wp-json\/wp\/v2\/posts\/1563"}],"collection":[{"href":"https:\/\/conafed.org\/index.php\/wp-json\/wp\/v2\/posts"}],"about":[{"href":"https:\/\/conafed.org\/index.php\/wp-json\/wp\/v2\/types\/post"}],"author":[{"embeddable":true,"href":"https:\/\/conafed.org\/index.php\/wp-json\/wp\/v2\/users\/1"}],"replies":[{"embeddable":true,"href":"https:\/\/conafed.org\/index.php\/wp-json\/wp\/v2\/comments?post=1563"}],"version-history":[{"count":6,"href":"https:\/\/conafed.org\/index.php\/wp-json\/wp\/v2\/posts\/1563\/revisions"}],"predecessor-version":[{"id":2472,"href":"https:\/\/conafed.org\/index.php\/wp-json\/wp\/v2\/posts\/1563\/revisions\/2472"}],"wp:featuredmedia":[{"embeddable":true,"href":"https:\/\/conafed.org\/index.php\/wp-json\/wp\/v2\/media\/1565"}],"wp:attachment":[{"href":"https:\/\/conafed.org\/index.php\/wp-json\/wp\/v2\/media?parent=1563"}],"wp:term":[{"taxonomy":"category","embeddable":true,"href":"https:\/\/conafed.org\/index.php\/wp-json\/wp\/v2\/categories?post=1563"},{"taxonomy":"post_tag","embeddable":true,"href":"https:\/\/conafed.org\/index.php\/wp-json\/wp\/v2\/tags?post=1563"}],"curies":[{"name":"wp","href":"https:\/\/api.w.org\/{rel}","templated":true}]}}