{"id":2648,"date":"2022-10-18T15:38:58","date_gmt":"2022-10-18T13:38:58","guid":{"rendered":"http:\/\/conafed.org\/?p=2648"},"modified":"2022-10-18T15:39:03","modified_gmt":"2022-10-18T13:39:03","slug":"lutte-contre-la-pauvrete-en-rdc-le-mfc-lance-la-campagne-nationale-refonder-la-nation-congolaise","status":"publish","type":"post","link":"https:\/\/conafed.org\/index.php\/2022\/10\/18\/lutte-contre-la-pauvrete-en-rdc-le-mfc-lance-la-campagne-nationale-refonder-la-nation-congolaise\/","title":{"rendered":"Lutte contre la pauvret\u00e9 en RDC\u00a0: le MFC lance la campagne nationale \u00ab\u00a0Refonder la nation congolaise\u00a0\u00bb"},"content":{"rendered":"\n<p>Le monde c\u00e9l\u00e8bre le 17 octobre de chaque ann\u00e9e, la Journ\u00e9e internationale pour l'\u00e9limination de la pauvret\u00e9. Le th\u00e8me retenu pour 2022 est&nbsp;: \u00ab La dignit\u00e9 pour tous dans la pratique \u00bb. A cette occasion, le Mouvement F\u00e9minin Pour un Congo Fort et Prosp\u00e8re, MFC a lanc\u00e9 officiellement, la campagne nationale \u00ab&nbsp;Refonder la nation congolaise&nbsp;\u00bb. C\u2019\u00e9tait au cours d\u2019une conf\u00e9rence de presse tenue par la coordinatrice de ce mouvement, Mme Elise Muhimuzi Kindja, lundi 17 octobre 2022, au CEPAS, dans la commune de la Gombe.<\/p>\n\n\n\n<figure class=\"wp-container-2 wp-block-gallery-1 wp-block-gallery has-nested-images columns-default is-cropped\">\n<figure class=\"wp-block-image size-large\"><img loading=\"lazy\" width=\"720\" height=\"399\" data-id=\"2650\"  src=\"http:\/\/conafed.org\/wp-content\/uploads\/2022\/10\/Mfc-a-720x399.jpg\" alt=\"\" class=\"wp-image-2650\"\/><figcaption><strong><em>Elise Muhimuzi<\/em><\/strong>, <strong><em>Coordinatrice du MFC<\/em><\/strong><\/figcaption><\/figure>\n<\/figure>\n\n\n\n<p>En collaboration avec le Comit\u00e9 Nationale Femme et D\u00e9veloppement (CONAFED), la Synergie Femmes, Paix et D\u00e9veloppement (SYFEP)&nbsp;; le Forum des Jeunes de la CIRGL (FMI-CIRGL\/RDC), le MFC s\u2019est associ\u00e9 \u00e0 la r\u00e9flexion nationale et internationale sur l'\u00e9tat de la pauvret\u00e9 en RDC, surtout les in\u00e9galit\u00e9s de plus en plus criantes qui frappant les couches sociales fragiles, notamment les femmes et les jeunes.<\/p>\n\n\n\n<p>En effet, Le MFC est un r\u00e9seau d'associations, des ONGD et des personnes ressources qui s'investissent, chacune \u00e0 son niveau, dans la lutte pour l'\u00e9limination de la pauvret\u00e9 en RDC. \u00ab&nbsp;<em>Il ne s'agit pas d'une structure f\u00e9ministe, mais d'un regroupement se d\u00e9veloppant pour l\u2019int\u00e9gration du genre dans tous les secteurs de la vie. Ces femmes et ces hommes se r\u00e9unissent r\u00e9guli\u00e8rement afin de d\u00e9finir des actions \u00e0 mener sur terrain pour att\u00e9nuer les vuln\u00e9rabilit\u00e9s de la population congolaise, dont la fragilisation ainsi que celle du pays et de la conscience individuelle et collective a atteint un niveau tr\u00e8s pr\u00e9occupant<\/em>&nbsp;\u00bb, a fait savoir la Coordinatrice de ce mouvement.<\/p>\n\n\n\n<p>Il sied de noter que malgr\u00e9 les efforts fournis par le gouvernement en mati\u00e8re de la lutte contre la pauvret\u00e9, la RDC est rest\u00e9e, depuis une cinquantaine d'ann\u00e9es, dans la zone rouge. La Banque Mondiale note qu'elle est l'une des cinq nations les plus pauvres du monde. En 2021, pr\u00e8s de 64 % de la population du pays (un peu moins de 60 millions de personnes) vivait avec moins de 2,15 dollars am\u00e9ricains par jour. Ainsi, pr\u00e8s d'une personne sur six en situation d'extr\u00eame-pauvret\u00e9 en Afrique subsaharienne vit en RDC \u00bb. Elle est comme t\u00e9tanis\u00e9e dans une \u00e9conomie dite de crise, c'est-\u00e0-dire de survie, stagnante, incapable de cr\u00e9er des richesses et de les partager, avec \u00e9quit\u00e9, entre toutes ses citoyennes et tous ses citoyens.<\/p>\n\n\n\n<p>Par ailleurs, en RDC, dans la premi\u00e8re d\u00e9cennie de l'an 2000, plusieurs r\u00e9formes ont \u00e9t\u00e9 men\u00e9es dans diff\u00e9rents secteurs de la vie. C'est l'\u00e9poque des codes (forestier, minier...). Sur cette lanc\u00e9e, deux outils majeurs ont \u00e9t\u00e9 produits, avec la participation des parties prenantes, dont la soci\u00e9t\u00e9 civile et les communaut\u00e9s locales: le Document int\u00e9rimaire de Strat\u00e9gie de R\u00e9duction de la Pauvret\u00e9 (DSRP-1) et le Document de Strat\u00e9gie de Croissance et de R\u00e9duction de la Pauvret\u00e9 (DSCRP-2). Des gouvernements se sont succ\u00e9d\u00e9 et ont d\u00e9roul\u00e9 leurs programmes, mais, en 2015, \u00e0 l'\u00e9valuation de la mise en \u0153uvre des OMD, la RDC \u00e9tait tr\u00e8s en de\u00e7\u00e0 des pr\u00e9visions. Au regard des r\u00e9sultats mitig\u00e9s not\u00e9s dans la plupart des pays pauvres, l'ONU a aussit\u00f4t d\u00e9fini une autre politique globale: les Objectifs du D\u00e9veloppement Durable (ODD, 2015-2030).<\/p>\n\n\n\n<p>Sur ce, le gouvernement congolais a aussi relanc\u00e9 le travail avec toutes les parties prenantes et produit le Plan National Strat\u00e9gique de D\u00e9veloppement (PNSD), devant \u00eatre l'ossature de toutes les actions de d\u00e9veloppement. Dans ce document, le Mouvement a notamment retenu que la RDC devra obtenir le statut de pays \u00e0 revenu interm\u00e9diaire en 2028 (PIB\/hab 1.050 USD), atteindre le statut de pays \u00e9mergent en 2040 (PIB\/hab 4.000USD), rejoindre le club des pays d\u00e9velopp\u00e9s en 2050 (PIB\/hab 12.000USD), a soulign\u00e9 Mme Elise dans sa communication.<\/p>\n\n\n\n<p>Elle a en outre indiqu\u00e9 que depuis plus de deux ans, le Mouvement se penche sur ce narratif. Des s\u00e9ances de travail ont \u00e9t\u00e9 tenues avec des experts, des associations, des \u00e9tudiants, des groupes proches des confessions religieuses et des partis politiques et du secteur priv\u00e9 aussi bien \u00e0 Kinshasa qu'en provinces dans le seul but de cerner la cause de l'incapacit\u00e9 de la RDC \u00e0 d\u00e9marrer. Deux importantes conclusions ont \u00e9t\u00e9 tir\u00e9es de ces nombreux \u00e9changes et fondent la Vision du Mouvement sur le devenir de la RDC. \u00ab&nbsp;Il s\u2019agit entre autres, de la carence, voire une absence de leadership et de gouvernance forts ainsi que de travailler sur l\u2019homme congolais.<\/p>\n\n\n\n<p>Comme actions \u00e0 mener, le Mouvement tient \u00e0 d\u00e9construire l'homme congolais actuel pour engendrer un homme congolais autre, soucieux de soi et, surtout, de l'autre congolais.<\/p>\n\n\n\n<figure class=\"wp-container-4 wp-block-gallery-3 wp-block-gallery has-nested-images columns-default is-cropped\">\n<figure class=\"wp-block-image size-large\"><img loading=\"lazy\" width=\"720\" height=\"399\" data-id=\"2651\"  src=\"http:\/\/conafed.org\/wp-content\/uploads\/2022\/10\/mfc-b-720x399.jpg\" alt=\"\" class=\"wp-image-2651\"\/><figcaption><strong><em>Une vue des participants <\/em><\/strong><\/figcaption><\/figure>\n<\/figure>\n\n\n\n<p>Avec la \u00ab Campagne Nationale Refonder la Nation Congolaise \u00bb, le Mouvement veut non seulement amener toutes les parties prenantes au d\u00e9veloppement en RD-Congo \u00e0 int\u00e9grer r\u00e9ellement ces dimensions dans leurs approches mais aussi, \u00e0 les vulgariser et les faire approprier par tous.<\/p>\n\n\n\n<p><strong>Pistes de travail du Mouvement<\/strong><\/p>\n\n\n\n<p>Selon la coordinatrice du MFC, le Mouvement se concentre sur un credo \u00e0 quatre volets et invite toutes les parties prenantes au d\u00e9veloppement durable de la RDC \u00e0 enrichir ces options. Il s\u2019agit de la sensibilisation, la vulgarisation et un plaidoyer vers les minist\u00e8res sectoriels et les entit\u00e9s politico-administratives fragiles; renforcer les capacit\u00e9s d'entreprendre et de s'investir dans les activit\u00e9s \u00e9conomiques pour l'autonomisation et pour r\u00e9inventer les rapports de genre; tout individu, toute communaut\u00e9 sera outill\u00e9 afin de lui permettre de cr\u00e9er des revenus durables; promouvoir l'acc\u00e8s des membres des groupes vuln\u00e9rables, particuli\u00e8rement les femmes et les jeunes, \u00e0 toutes les instances de prise de d\u00e9cisions, dans tous les secteurs de la vie, afin d'instaurer un autre leadership local, provincial et national.<\/p>\n\n\n\n<p>\u00ab&nbsp;<em>Tous ces param\u00e8tres doivent amener \u00e0 vaincre, dans le chef des Congolaises et Congolais, la peur de cr\u00e9er, la peur de parler et de d\u00e9noncer, la peur de g\u00e9rer, la peur de diriger, la peur d'\u00eatre \u00e9lu<\/em>&nbsp;\u00bb, a-t-elle insist\u00e9. Et d'annoncer que, d\u00e9sormais, chaque ann\u00e9e, le 17 octobre conna\u00eetra en RDC des manifestations promouvant la marche irr\u00e9versible vers l'\u00e9limination de la pauvret\u00e9 et l'amorce vers le d\u00e9veloppement durable.<\/p>\n\n\n\n<p class=\"has-text-align-right\"><strong>G\u00e9nie Mulobo<\/strong><\/p>\n","protected":false},"excerpt":{"rendered":"<p>Le monde c\u00e9l\u00e8bre le 17 octobre de chaque ann\u00e9e, la Journ\u00e9e internationale pour l&#8217;\u00e9limination de la pauvret\u00e9. Le th\u00e8me retenu pour 2022 est&nbsp;: \u00ab La dignit\u00e9 pour tous dans la pratique \u00bb. A cette occasion, le Mouvement F\u00e9minin Pour un Congo Fort et Prosp\u00e8re, MFC a lanc\u00e9 officiellement, la campagne nationale \u00ab&nbsp;Refonder la nation congolaise&nbsp;\u00bb. [&hellip;]<\/p>\n","protected":false},"author":1,"featured_media":2649,"comment_status":"open","ping_status":"open","sticky":false,"template":"","format":"standard","meta":[],"categories":[3],"tags":[],"_links":{"self":[{"href":"https:\/\/conafed.org\/index.php\/wp-json\/wp\/v2\/posts\/2648"}],"collection":[{"href":"https:\/\/conafed.org\/index.php\/wp-json\/wp\/v2\/posts"}],"about":[{"href":"https:\/\/conafed.org\/index.php\/wp-json\/wp\/v2\/types\/post"}],"author":[{"embeddable":true,"href":"https:\/\/conafed.org\/index.php\/wp-json\/wp\/v2\/users\/1"}],"replies":[{"embeddable":true,"href":"https:\/\/conafed.org\/index.php\/wp-json\/wp\/v2\/comments?post=2648"}],"version-history":[{"count":1,"href":"https:\/\/conafed.org\/index.php\/wp-json\/wp\/v2\/posts\/2648\/revisions"}],"predecessor-version":[{"id":2652,"href":"https:\/\/conafed.org\/index.php\/wp-json\/wp\/v2\/posts\/2648\/revisions\/2652"}],"wp:featuredmedia":[{"embeddable":true,"href":"https:\/\/conafed.org\/index.php\/wp-json\/wp\/v2\/media\/2649"}],"wp:attachment":[{"href":"https:\/\/conafed.org\/index.php\/wp-json\/wp\/v2\/media?parent=2648"}],"wp:term":[{"taxonomy":"category","embeddable":true,"href":"https:\/\/conafed.org\/index.php\/wp-json\/wp\/v2\/categories?post=2648"},{"taxonomy":"post_tag","embeddable":true,"href":"https:\/\/conafed.org\/index.php\/wp-json\/wp\/v2\/tags?post=2648"}],"curies":[{"name":"wp","href":"https:\/\/api.w.org\/{rel}","templated":true}]}}