{"id":2729,"date":"2023-04-28T15:46:00","date_gmt":"2023-04-28T13:46:00","guid":{"rendered":"http:\/\/conafed.org\/?p=2729"},"modified":"2023-05-02T16:18:20","modified_gmt":"2023-05-02T14:18:20","slug":"journees-portes-ouvertes-a-la-ceni-les-osc-recommandent-un-organisme-national-pour-laudit-externe-du-fichier-electoral","status":"publish","type":"post","link":"https:\/\/conafed.org\/index.php\/2023\/04\/28\/journees-portes-ouvertes-a-la-ceni-les-osc-recommandent-un-organisme-national-pour-laudit-externe-du-fichier-electoral\/","title":{"rendered":"Journ\u00e9es portes ouvertes \u00e0 la CENI\u00a0: les OSC recommandent un organisme national pour l\u2019audit externe du Fichier \u00c9lectoral"},"content":{"rendered":"\n<p>\u00ab&nbsp;Pour raison de souverainet\u00e9, l\u2019audit externe du Fichier \u00c9lectoral doit \u00eatre confi\u00e9 \u00e0 un organisme national&nbsp;\u00bb, recommandation des organisations de la soci\u00e9t\u00e9 civile lors des journ\u00e9es portes ouvertes organis\u00e9es par la Commission \u00c9lectorale Nationale Ind\u00e9pendante, CENI.<\/p>\n\n\n\n<p>Le 2e Vice-pr\u00e9sident de la Commission \u00c9lectorale Nationale Ind\u00e9pendante (CENI), Didi MANARA LINGA, a pr\u00e9sid\u00e9 l\u2019activit\u00e9 consacr\u00e9e aux journ\u00e9es portes ouvertes de la CENI relative au nettoyage du Fichier \u00e9lectoral.<\/p>\n\n\n\n<p>Pour la troisi\u00e8me journ\u00e9e, ce sont les organisations de la soci\u00e9t\u00e9 civile qui ont eu droit \u00e0 cet exercice de contr\u00f4le citoyen initi\u00e9 par le nouveau management de la CENI. Occasion pour Didi MANARA de rappeler \u00e0 l\u2019assistance, le quatri\u00e8me axe du plan strat\u00e9gique et op\u00e9rationnel de la Centrale \u00e9lectorale.<\/p>\n\n\n\n<figure class=\"wp-block-image size-full is-resized\"><img loading=\"lazy\" src=\"http:\/\/conafed.org\/wp-content\/uploads\/2023\/05\/osc-ceni-d.jpg\" alt=\"\" class=\"wp-image-2730\" width=\"827\" height=\"551\"\/><figcaption><strong><em>Le 2\u00e8 vice-pr\u00e9sident de la CENI, Didi MANARA<\/em><\/strong><\/figcaption><\/figure>\n\n\n\n<p>\u00ab&nbsp;Le plan strat\u00e9gique et op\u00e9rationnel de la CENI mis \u00e0 votre disposition, dans son 4e axe, parle de la construction d\u2019une nouvelle culture d\u2019inclusion pour une grande adh\u00e9sion et la CENI ne cesse de marteler que les \u00e9lections vont se tenir le 20 d\u00e9cembre 2023. Il s\u2019av\u00e8re important que nous ayons des \u00e9changes directs en vue de cheminer ensemble jusqu\u2019\u00e0 l\u2019organisation de ces scrutins&nbsp;\u00bb, a-t-il d\u00e9clar\u00e9.<\/p>\n\n\n\n<p>Et de poursuivre : \u00ab&nbsp;C\u2019est pour la premi\u00e8re fois que le management de la CENI organise de telles rencontres pour permettre aux parties prenantes au processus \u00e9lectoral de t\u00e2ter la r\u00e9alit\u00e9 du toilettage du Fichier \u00e9lectoral. Pour ce faire, nous avons besoin de vos observations et suggestions pour un aboutissement harmonieux du processus en cours&nbsp;\u00bb.<\/p>\n\n\n\n<figure class=\"wp-block-image size-full is-resized\"><img loading=\"lazy\" src=\"http:\/\/conafed.org\/wp-content\/uploads\/2023\/05\/osc-ceni-c.jpg\" alt=\"\" class=\"wp-image-2731\" width=\"833\" height=\"555\"\/><figcaption><strong>Quelques membres de la pl\u00e9ni\u00e8re (photo CENI)<\/strong><\/figcaption><\/figure>\n\n\n\n<p>Dans la foul\u00e9e, un membre de la pl\u00e9ni\u00e8re, a invit\u00e9 les organisations de la soci\u00e9t\u00e9 civile \u00e0 travailler main dans la main avec la CENI pour offrir \u00e0 la nation les \u00e9lections transparentes, cr\u00e9dibles et inclusives. Dans l\u2019optique d\u2019impliquer les parties prenantes \u00e0 toutes les \u00e9tapes du processus, le Secr\u00e9taire Ex\u00e9cutif National, Thotho MABIKU a appel\u00e9 au bon sens de cet exercice.<\/p>\n\n\n\n<figure class=\"wp-block-image size-full is-resized\"><img loading=\"lazy\" src=\"http:\/\/conafed.org\/wp-content\/uploads\/2023\/05\/osc-ceni-b.jpg\" alt=\"\" class=\"wp-image-2732\" width=\"823\" height=\"549\"\/><figcaption><strong><em>Echanges et les visites guid\u00e9es des activit\u00e9s au Centre National de Traitement des donn\u00e9es<\/em><\/strong><\/figcaption><\/figure>\n\n\n\n<p>\u00ab\u00a0<em>Apr\u00e8s la cl\u00f4ture de l\u2019identification et l\u2019enr\u00f4lement des \u00e9lecteurs dans l\u2019aire op\u00e9rationnelle 3 (AO3), la CENI proc\u00e8de maintenant \u00e0 l\u2019audit interne du Fichier \u00e9lectoral. Nous ne voulons pas que la d\u00e9sinformation fasse l\u2019objet de cette \u00e9tape. C\u2019est pourquoi, nous voulons votre participation, de sorte que vous voyiez clairement comment la CENI est en train de radier du Fichier \u00e9lectoral tous les cas irr\u00e9guliers, dans le but de garantir la transparence<\/em>\", a-t-il dit.<\/p>\n\n\n\n<p>Au bout du compte, les organisations de la soci\u00e9t\u00e9 civile ont appr\u00e9ci\u00e9 le sens d\u2019ouverture du nouveau management concernant l\u2019audit interne du Fichier \u00e9lectoral. En sus, elles ont recommand\u00e9 \u00e0 la CENI de confier cette fois-ci l\u2019audit externe \u00e0 une structure locale sp\u00e9cialis\u00e9e car ce domaine rel\u00e8ve de la souverainet\u00e9 d\u2019un \u00c9tat ind\u00e9pendant comme le n\u00f4tre.<\/p>\n\n\n\n<p>Soulignons que sur les 22 227 centres d\u2019inscription pr\u00e9vus, la CENI a pu enregistrer 46 857 697 personnes au 17 avril 2023, (soit 95,09%) reparties en 23 696 424 femmes (50,57%) et 23 161 273 hommes (49,43%) sur les 49 273 109 attendues. Et la France au nombre des pays concern\u00e9s par cette phase pilote arrive en t\u00eate avec 5 787 enr\u00f4l\u00e9s (3 474 hommes et 2 310 femmes). C\u2019est ce qu\u2019a r\u00e9v\u00e9l\u00e9 le Pr\u00e9sident de la CENI, Denis Kadima.<\/p>\n\n\n\n<p>Il sied de noter en outre que \u00a0dans un communiqu\u00e9 de presse du 25 avril dernier, la Ceni a annonc\u00e9 \u00e0 l\u2019opinion publique, la fermeture d\u00e9finitive des Centres d\u2019inscription des \u00e9lecteurs le lundi 24 avril 2023, dans les 7 provinces de l\u2019Aire op\u00e9rationnelle 3 (AO3), qui marque ainsi la cl\u00f4ture d\u00e9finitive des op\u00e9rations d\u2019identification et d\u2019enr\u00f4lement des \u00e9lecteurs sur toute l\u2019\u00e9tendue du territoire national ainsi que dans les 5 pays s\u00e9lectionn\u00e9s pour la phase pilote. Elle a tout de m\u00eame d\u00e9plor\u00e9 les incidents malheureux d\u00e9cri\u00e9s durant les op\u00e9rations d\u2019identification et d\u2019enr\u00f4lement des \u00e9lecteurs dans quelques Centres d\u2019inscription.<\/p>\n\n\n\n<p>\"<em>S\u2019agissant des Territoires de Kwamouth dans la Province du Ma\u00ef Ndombe, de Masisi, Nyirangongo (une partie) et Rutshuru dans la Province du Nord Kivu ainsi qu\u2019une partie de la Commune de Maluku dans la Ville de Kinshasa, l\u2019organisation des op\u00e9rations d\u2019identification et d\u2019enr\u00f4lement des \u00e9lecteurs est tributaire de l\u2019am\u00e9lioration des conditions s\u00e9curitaires<\/em>\", a indiqu\u00e9 la source.<\/p>\n\n\n\n<p class=\"has-text-align-right\"><strong>G\u00e9nie Mulobo<\/strong><\/p>\n","protected":false},"excerpt":{"rendered":"<p>\u00ab&nbsp;Pour raison de souverainet\u00e9, l\u2019audit externe du Fichier \u00c9lectoral doit \u00eatre confi\u00e9 \u00e0 un organisme national&nbsp;\u00bb, recommandation des organisations de la soci\u00e9t\u00e9 civile lors des journ\u00e9es portes ouvertes organis\u00e9es par la Commission \u00c9lectorale Nationale Ind\u00e9pendante, CENI. Le 2e Vice-pr\u00e9sident de la Commission \u00c9lectorale Nationale Ind\u00e9pendante (CENI), Didi MANARA LINGA, a pr\u00e9sid\u00e9 l\u2019activit\u00e9 consacr\u00e9e aux journ\u00e9es [&hellip;]<\/p>\n","protected":false},"author":1,"featured_media":2733,"comment_status":"open","ping_status":"open","sticky":false,"template":"","format":"standard","meta":[],"categories":[3],"tags":[],"_links":{"self":[{"href":"https:\/\/conafed.org\/index.php\/wp-json\/wp\/v2\/posts\/2729"}],"collection":[{"href":"https:\/\/conafed.org\/index.php\/wp-json\/wp\/v2\/posts"}],"about":[{"href":"https:\/\/conafed.org\/index.php\/wp-json\/wp\/v2\/types\/post"}],"author":[{"embeddable":true,"href":"https:\/\/conafed.org\/index.php\/wp-json\/wp\/v2\/users\/1"}],"replies":[{"embeddable":true,"href":"https:\/\/conafed.org\/index.php\/wp-json\/wp\/v2\/comments?post=2729"}],"version-history":[{"count":1,"href":"https:\/\/conafed.org\/index.php\/wp-json\/wp\/v2\/posts\/2729\/revisions"}],"predecessor-version":[{"id":2734,"href":"https:\/\/conafed.org\/index.php\/wp-json\/wp\/v2\/posts\/2729\/revisions\/2734"}],"wp:featuredmedia":[{"embeddable":true,"href":"https:\/\/conafed.org\/index.php\/wp-json\/wp\/v2\/media\/2733"}],"wp:attachment":[{"href":"https:\/\/conafed.org\/index.php\/wp-json\/wp\/v2\/media?parent=2729"}],"wp:term":[{"taxonomy":"category","embeddable":true,"href":"https:\/\/conafed.org\/index.php\/wp-json\/wp\/v2\/categories?post=2729"},{"taxonomy":"post_tag","embeddable":true,"href":"https:\/\/conafed.org\/index.php\/wp-json\/wp\/v2\/tags?post=2729"}],"curies":[{"name":"wp","href":"https:\/\/api.w.org\/{rel}","templated":true}]}}