{"id":2736,"date":"2023-05-03T14:51:00","date_gmt":"2023-05-03T12:51:00","guid":{"rendered":"http:\/\/conafed.org\/?p=2736"},"modified":"2023-05-26T15:39:00","modified_gmt":"2023-05-26T13:39:00","slug":"plaidoyer-sur-le-mariage-precoce-au-ministere-du-genre-famille-et-enfant-mireille-masangu-bibi-muloko-felicite-le-conafed-et-promet-de-sengager-totalement-dans-cette-lutte","status":"publish","type":"post","link":"https:\/\/conafed.org\/index.php\/2023\/05\/03\/plaidoyer-sur-le-mariage-precoce-au-ministere-du-genre-famille-et-enfant-mireille-masangu-bibi-muloko-felicite-le-conafed-et-promet-de-sengager-totalement-dans-cette-lutte\/","title":{"rendered":"Plaidoyer sur les mariages pr\u00e9coces au minist\u00e8re du Genre, Famille et Enfant\u00a0: Mireille Masangu Bibi Muloko f\u00e9licite le CONAFED et\u00a0 promet de s&#8217;engager totalement dans cette lutte"},"content":{"rendered":"\n<p>Le CONAFED a \u00e9t\u00e9 re\u00e7u par Son Excellence Madame la Ministre du Genre, Famille et Enfant, Mireille Masangu Bibi Muloko, mardi 02 mai 2023 dans le cadre du plaidoyer sur les mariages pr\u00e9coces ou unions conjugales des enfants en RDC.<\/p>\n\n\n\n<figure class=\"wp-block-image size-large\"><img loading=\"lazy\" width=\"720\" height=\"399\" src=\"http:\/\/conafed.org\/wp-content\/uploads\/2023\/05\/genre-1-720x399.jpg\" alt=\"\" class=\"wp-image-2738\"\/><figcaption><strong><em>L'\u00e9quipe du CONAFED et Madame la ministre du Genre<\/em><\/strong><\/figcaption><\/figure>\n\n\n\n<p>Apr\u00e8s la pr\u00e9sentation du projet de lutte contre les unions conjugales des enfants, l\u2019\u00e9quipe du CONAFED compos\u00e9e du Charg\u00e9 de Programme, Rodin Muvuyu et de la Charg\u00e9e de communication, Genevi\u00e8ve Mulobo, a f\u00e9licit\u00e9 Mme la ministre pour son mandat \u00e0 la t\u00eate de ce minist\u00e8re. Un m\u00e9morandum lui a \u00e9t\u00e9 remis pour solliciter son implication dans cette lutte et arriver \u00e0 \u00e9radiquer ce fl\u00e9au dans toute l\u2019\u00e9tendue de la RDC.<\/p>\n\n\n\n<figure class=\"wp-block-image size-large\"><img loading=\"lazy\" width=\"720\" height=\"399\" src=\"http:\/\/conafed.org\/wp-content\/uploads\/2023\/05\/genre-a-720x399.jpg\" alt=\"\" class=\"wp-image-2739\"\/><figcaption><strong><em>Le Charg\u00e9 de Programme Rodin Muvuyu r\u00e9pondant aux questions des journalistes<\/em><\/strong><\/figcaption><\/figure>\n\n\n\n<p>A son tour, son Excellence Mme la ministre du Genre a \u00e9t\u00e9 contente de recevoir l\u2019\u00e9quipe du CONAFED en tant que partenaire dans la lutte contre les VBG, qui est son cheval de bataille. Aussi, pour ce que cette organisation de la soci\u00e9t\u00e9 civile est en train de faire comme travail \u00e0 travers toute la R\u00e9publique. Elle a \u00e9galement f\u00e9licit\u00e9 le CONAFED et&nbsp; s'est engag\u00e9e \u00e0 l\u2019accompagner dans tous les projets qui n\u00e9cessitent son implication.<\/p>\n\n\n\n<figure class=\"wp-block-image size-large\"><img loading=\"lazy\" width=\"720\" height=\"399\" src=\"http:\/\/conafed.org\/wp-content\/uploads\/2023\/05\/genre-b-720x399.jpg\" alt=\"\" class=\"wp-image-2740\"\/><\/figure>\n\n\n\n<p>\"N'h\u00e9sitez pas \u00e0 contacter mes services en cas de besoin. Je suis l\u00e0 pour vous. Et nous sommes oblig\u00e9s de travailler en partenariat pour le bien de la R\u00e9publique toute enti\u00e8re. Je vais bient\u00f4t initier un programme de descente sur terrain \u00e0 ce sujet. Je vais vous contacter pour qu'on le fasse ensemble \u00e9tant donn\u00e9 que vous ma\u00eetrisez d\u00e9j\u00e0 le sujet. N'oubliez pas \u00e0 chaque fois que vous contactiez les chefs coutumiers, d'associer \u00e9galement leurs \u00e9pouses et leurs enfants qui sont plus victimes dans cette affaire \", a dit la ministre du genre, Mme Mireille Masangu Bibi Muloko.<\/p>\n\n\n\n<figure class=\"wp-block-image size-large\"><img loading=\"lazy\" width=\"720\" height=\"399\" src=\"http:\/\/conafed.org\/wp-content\/uploads\/2023\/05\/genre-c-720x399.jpg\" alt=\"\" class=\"wp-image-2741\"\/><\/figure>\n\n\n\n<p>Il sied de signaler que ce projet est financ\u00e9 par Girls First Fund\/USA depuis 2021. Le CONAFED m\u00e8ne le plaidoyer aupr\u00e8s des institutions publiques et priv\u00e9es au niveau national pour l'application des instruments juridiques, la mobilisation des fonds et leur implication dans cette lutte alors qu'au niveau local dans les provinces du Haut-Katanga et du Tanganyika, le projet est mis en \u0153uvre par les ONG locales.<\/p>\n\n\n\n<p>Une initiative \u00e0 encourager.<\/p>\n\n\n\n<p class=\"has-text-align-right\"><strong>CONAFED<\/strong><\/p>\n","protected":false},"excerpt":{"rendered":"<p>Le CONAFED a \u00e9t\u00e9 re\u00e7u par Son Excellence Madame la Ministre du Genre, Famille et Enfant, Mireille Masangu Bibi Muloko, mardi 02 mai 2023 dans le cadre du plaidoyer sur les mariages pr\u00e9coces ou unions conjugales des enfants en RDC. Apr\u00e8s la pr\u00e9sentation du projet de lutte contre les unions conjugales des enfants, l\u2019\u00e9quipe du [&hellip;]<\/p>\n","protected":false},"author":1,"featured_media":2737,"comment_status":"open","ping_status":"open","sticky":false,"template":"","format":"standard","meta":[],"categories":[3],"tags":[],"_links":{"self":[{"href":"https:\/\/conafed.org\/index.php\/wp-json\/wp\/v2\/posts\/2736"}],"collection":[{"href":"https:\/\/conafed.org\/index.php\/wp-json\/wp\/v2\/posts"}],"about":[{"href":"https:\/\/conafed.org\/index.php\/wp-json\/wp\/v2\/types\/post"}],"author":[{"embeddable":true,"href":"https:\/\/conafed.org\/index.php\/wp-json\/wp\/v2\/users\/1"}],"replies":[{"embeddable":true,"href":"https:\/\/conafed.org\/index.php\/wp-json\/wp\/v2\/comments?post=2736"}],"version-history":[{"count":2,"href":"https:\/\/conafed.org\/index.php\/wp-json\/wp\/v2\/posts\/2736\/revisions"}],"predecessor-version":[{"id":2754,"href":"https:\/\/conafed.org\/index.php\/wp-json\/wp\/v2\/posts\/2736\/revisions\/2754"}],"wp:featuredmedia":[{"embeddable":true,"href":"https:\/\/conafed.org\/index.php\/wp-json\/wp\/v2\/media\/2737"}],"wp:attachment":[{"href":"https:\/\/conafed.org\/index.php\/wp-json\/wp\/v2\/media?parent=2736"}],"wp:term":[{"taxonomy":"category","embeddable":true,"href":"https:\/\/conafed.org\/index.php\/wp-json\/wp\/v2\/categories?post=2736"},{"taxonomy":"post_tag","embeddable":true,"href":"https:\/\/conafed.org\/index.php\/wp-json\/wp\/v2\/tags?post=2736"}],"curies":[{"name":"wp","href":"https:\/\/api.w.org\/{rel}","templated":true}]}}