{"id":2769,"date":"2023-08-05T15:38:00","date_gmt":"2023-08-05T13:38:00","guid":{"rendered":"http:\/\/conafed.org\/?p=2769"},"modified":"2023-08-16T15:48:09","modified_gmt":"2023-08-16T13:48:09","slug":"conafed-des-experts-de-letat-congolais-et-osc-reflechissent-sur-la-mutualisation-pour-la-protection-sociale-universelle-en-rdc","status":"publish","type":"post","link":"https:\/\/conafed.org\/index.php\/2023\/08\/05\/conafed-des-experts-de-letat-congolais-et-osc-reflechissent-sur-la-mutualisation-pour-la-protection-sociale-universelle-en-rdc\/","title":{"rendered":"CONAFED : Des experts de l\u2019\u00c9tat congolais et OSC r\u00e9fl\u00e9chissent sur la mutualisation pour la protection sociale universelle en RDC"},"content":{"rendered":"\n<p>Le Comit\u00e9 National Femme et D\u00e9veloppement (CONAFED) a organis\u00e9 pendant deux jours, soit du jeudi 03 au vendredi 04 ao\u00fbt 2023, l\u2019atelier de formation, d\u2019\u00e9changes d\u2019informations et expertises des experts sur : \u201d la protection sociale ax\u00e9e sur les assurances sociales pour tous en RDC 2023-2030. \u201d C\u2019\u00e9tait au centre Loyola de la Gombe.<\/p>\n\n\n\n<figure class=\"wp-block-image size-large\"><img loading=\"lazy\" width=\"720\" height=\"399\" src=\"http:\/\/conafed.org\/wp-content\/uploads\/2023\/08\/protection-720x399.jpg\" alt=\"\" class=\"wp-image-2770\"\/><figcaption><em><strong>Des participants en atelier<\/strong><\/em><\/figcaption><\/figure>\n\n\n\n<p>Cette activit\u00e9 s\u2019inscrit dans le cadre de la mise en \u0153uvre de la protection sociale universelle en R\u00e9publique D\u00e9mocratique du Congo de 2023-2030 au c\u0153ur des 17 objectifs de D\u00e9veloppement Durable \u00e0 travers le processus de la mutualisation multisectorielle des moyens pour les assurances sociales.<\/p>\n\n\n\n<p>L\u2019expert consultant en mati\u00e8re de la protection sociale, M. Fadel a soulign\u00e9 que les droits, on les r\u00e9clame toujours.&nbsp; \u201dNous devons s\u2019exprimer sur nos droits\u201d, a-t-il dit. L\u2019objectif vis\u00e9 de l\u2019atelier est d\u2019\u00e9changer avec les experts en mati\u00e8re de protection sociale ax\u00e9e sur les assurances sociales au profit des acteurs de la soci\u00e9t\u00e9 civile et les agents publics de l\u2019Etat congolais \u00e0 travers le Programme National de la protection sociale avec la direction des mutuels et assurances.<\/p>\n\n\n\n<p>Selon l\u2019expert, la RDC doit s\u2019inscrire dans le D\u00e9veloppement Durable. Il y a au total 17 Objectifs du D\u00e9veloppements Durable (ODD) qui sont tout autour de la protection sociale au niveau mondial. Chacun de nous aspire \u00e0 un changement. Cette solidarit\u00e9 est aussi au niveau mondial. Il a fait savoir que les droits humains \u00e9tant le fondement, l\u2019homme est au centre de tout ce que les agents publics de l\u2019Etat et les acteurs de la soci\u00e9t\u00e9 civile peuvent faire.<\/p>\n\n\n\n<p>Il s\u2019est \u00e9tonn\u00e9 de la mani\u00e8re dont se d\u00e9roulent les choses. \u00ab&nbsp;Il est vrai que c\u2019est dans la coh\u00e9sion sociale que le pays se d\u00e9veloppe. Raison pour laquelle, cet atelier tient \u00e0 mobiliser les expertises congolaises pour faire comprendre aux acteurs de la soci\u00e9t\u00e9 civile et aux agents publics de l\u2019Etat congolais que l\u2019heure est \u00e0 la mutualisation. La RDC aspire au d\u00e9veloppement durable. Pour que cela soit une r\u00e9alit\u00e9, tout doit passer par la protection sociale universelle au c\u0153ur de 17 ODD.<\/p>\n\n\n\n<p>\u201d C\u2019est l\u00e0 que nous mettons l\u2019accent sur l\u2019ODD 3 qui parle de l\u2019assurance sociale sant\u00e9 pour tous les congolais. Un v\u00e9ritable \u00c9tat de droit garantit l\u2019acc\u00e8s et jouissance aux droits humains dont les droits \u00e0 la sant\u00e9. La question est celle de savoir si les experts congolais ont une politique national o\u00f9 ils se retrouvent tous \u201c, a-t-il expliqu\u00e9. Il a saisi cette occasion pour les appeler \u00e0 joindre cette politique national de la protection sociale.<\/p>\n\n\n\n<p class=\"has-text-align-right\"><strong>G\u00e9nie Mulobo<\/strong><\/p>\n","protected":false},"excerpt":{"rendered":"<p>Le Comit\u00e9 National Femme et D\u00e9veloppement (CONAFED) a organis\u00e9 pendant deux jours, soit du jeudi 03 au vendredi 04 ao\u00fbt 2023, l\u2019atelier de formation, d\u2019\u00e9changes d\u2019informations et expertises des experts sur : \u201d la protection sociale ax\u00e9e sur les assurances sociales pour tous en RDC 2023-2030. \u201d C\u2019\u00e9tait au centre Loyola de la Gombe. Cette [&hellip;]<\/p>\n","protected":false},"author":1,"featured_media":2771,"comment_status":"open","ping_status":"open","sticky":false,"template":"","format":"standard","meta":[],"categories":[3],"tags":[],"_links":{"self":[{"href":"https:\/\/conafed.org\/index.php\/wp-json\/wp\/v2\/posts\/2769"}],"collection":[{"href":"https:\/\/conafed.org\/index.php\/wp-json\/wp\/v2\/posts"}],"about":[{"href":"https:\/\/conafed.org\/index.php\/wp-json\/wp\/v2\/types\/post"}],"author":[{"embeddable":true,"href":"https:\/\/conafed.org\/index.php\/wp-json\/wp\/v2\/users\/1"}],"replies":[{"embeddable":true,"href":"https:\/\/conafed.org\/index.php\/wp-json\/wp\/v2\/comments?post=2769"}],"version-history":[{"count":1,"href":"https:\/\/conafed.org\/index.php\/wp-json\/wp\/v2\/posts\/2769\/revisions"}],"predecessor-version":[{"id":2772,"href":"https:\/\/conafed.org\/index.php\/wp-json\/wp\/v2\/posts\/2769\/revisions\/2772"}],"wp:featuredmedia":[{"embeddable":true,"href":"https:\/\/conafed.org\/index.php\/wp-json\/wp\/v2\/media\/2771"}],"wp:attachment":[{"href":"https:\/\/conafed.org\/index.php\/wp-json\/wp\/v2\/media?parent=2769"}],"wp:term":[{"taxonomy":"category","embeddable":true,"href":"https:\/\/conafed.org\/index.php\/wp-json\/wp\/v2\/categories?post=2769"},{"taxonomy":"post_tag","embeddable":true,"href":"https:\/\/conafed.org\/index.php\/wp-json\/wp\/v2\/tags?post=2769"}],"curies":[{"name":"wp","href":"https:\/\/api.w.org\/{rel}","templated":true}]}}