{"id":2850,"date":"2024-04-04T14:11:00","date_gmt":"2024-04-04T12:11:00","guid":{"rendered":"http:\/\/conafed.org\/?p=2850"},"modified":"2024-04-08T14:54:51","modified_gmt":"2024-04-08T12:54:51","slug":"promotion-de-la-femme-le-conafed-felicite-le-president-de-la-rdc-pour-la-nomination-de-mme-judith-suminwa-tuluka-a-la-tete-du-gouvernement-central","status":"publish","type":"post","link":"https:\/\/conafed.org\/index.php\/2024\/04\/04\/promotion-de-la-femme-le-conafed-felicite-le-president-de-la-rdc-pour-la-nomination-de-mme-judith-suminwa-tuluka-a-la-tete-du-gouvernement-central\/","title":{"rendered":"Promotion de la femme : Le CONAFED f\u00e9licite le Pr\u00e9sident de la RDC pour la nomination de Mme Judith Suminwa Tuluka \u00e0 la t\u00eate du Gouvernement central"},"content":{"rendered":"\n<p>Ci-dessous l'int\u00e9gralit\u00e9 du message<\/p>\n\n\n\n<p><strong>MESSAGE DU COMITE NATIONAL FEMME ET DEVELOPPEMENT, CONAFED, AU PRESIDENT DE LA REPUBLIQUE DEMOCRATIQUE DU CONGO CHEF DE L\u2019ETAT<\/strong><\/p>\n\n\n\n<p><strong>A Son Excellence Monsieur le Pr\u00e9sident de la R\u00e9publique, Chef de l\u2019\u00c9tat, \u00ab&nbsp;avec l\u2019expression de nos hommages les plus d\u00e9f\u00e9rents&nbsp;\u00bb,<\/strong><\/p>\n\n\n\n<p><strong>Excellence Monsieur le Pr\u00e9sident de la R\u00e9publique, Chef de l\u2019\u00c9tat,<\/strong><\/p>\n\n\n\n<p>Le Comit\u00e9 National Femme et D\u00e9veloppement, CONAFED en sigle, une organisation de la soci\u00e9t\u00e9 civile, a suivi avec attention particuli\u00e8re, la nomination, ce lundi 1<sup>er<\/sup> avril 2024, de Son Excellence Madame Judith SUMINWA TULUKA en qualit\u00e9 de Premi\u00e8re Ministre, Cheffe du Gouvernement de la R\u00e9publique D\u00e9mocratique du Congo<\/p>\n\n\n\n<p>Le CONAFED f\u00e9licite et remercie le Pr\u00e9sident de la R\u00e9publique, Son Excellence F\u00e9lix-Antoine TSHISEKEDI TSHILOMBO d\u2019avoir nomm\u00e9 pour la premi\u00e8re fois dans l\u2019histoire de la R\u00e9publique D\u00e9mocratique du Congo, une femme \u00e0 ce poste.<\/p>\n\n\n\n<p>La nomination de Madame Judith SUMINWA TULUKA, une femme dot\u00e9e d\u2019exp\u00e9riences av\u00e9r\u00e9es, bien form\u00e9e et de bonnes r\u00e9alisations dans son cursus professionnel. Le CONAFED esp\u00e8re qu\u2019elle parviendra avec le concours de tous les congolais \u00e0 relever le d\u00e9fi de d\u00e9veloppement et de la paix en R\u00e9publique d\u00e9mocratique du Congo.<\/p>\n\n\n\n<p>Cette nomination est une preuve tangible de l\u2019implication du Chef de l\u2019\u00c9tat dans la r\u00e9alisation des dispositions de l\u2019Article 14 de la Constitution de la R\u00e9publique et de la loi portant modalit\u00e9s d\u2019application des droits de la femme et de la parit\u00e9, fruit des efforts de plaidoyer men\u00e9 par le CONAFED avec le concours des organisations f\u00e9minines de la RDC.<\/p>\n\n\n\n<p>En confiant ces lourdes et importantes charges \u00e0 une femme, le Pr\u00e9sident de la R\u00e9publique, Chef de l\u2019\u00c9tat, Champion de la masculinit\u00e9 positive est conscient des comp\u00e9tences av\u00e9r\u00e9es de la femme congolaise et de sa capacit\u00e9 \u00e0 diriger au plus haut niveau, les affaires de l\u2019\u00c9tat.<\/p>\n\n\n\n<p>Le CONAFED soutient les actions du Chef de l\u2019\u00c9tat pour la promotion de la femme et reste dispos\u00e9 \u00e0 contribuer \u00e0 la r\u00e9ussite&nbsp; du mandat confi\u00e9 \u00e0 Son Excellence Madame la Premi\u00e8re Ministre.<\/p>\n\n\n\n<p>Si la femme gagne, c\u2019est le Congo qui gagne.<\/p>\n\n\n\n<p>Que vive la R\u00e9publique D\u00e9mocratique du Congo<\/p>\n\n\n\n<p>Que vive la parit\u00e9 homme-femme<\/p>\n\n\n\n<p>Nous vous remercions<\/p>\n\n\n\n<p><strong>Jeanne NZUZI NSAMBA<\/strong><\/p>\n\n\n\n<p><strong>&nbsp;&nbsp;&nbsp;&nbsp;&nbsp;&nbsp;&nbsp;&nbsp;&nbsp;&nbsp;&nbsp;&nbsp;&nbsp;&nbsp;&nbsp;&nbsp;&nbsp;&nbsp;&nbsp;&nbsp;&nbsp;&nbsp;&nbsp;&nbsp;&nbsp;&nbsp;&nbsp;&nbsp;&nbsp;&nbsp;&nbsp;&nbsp;&nbsp;&nbsp;&nbsp;&nbsp; Secr\u00e9taire Permanente du CONAFED<\/strong><\/p>\n","protected":false},"excerpt":{"rendered":"<p>Ci-dessous l&#8217;int\u00e9gralit\u00e9 du message MESSAGE DU COMITE NATIONAL FEMME ET DEVELOPPEMENT, CONAFED, AU PRESIDENT DE LA REPUBLIQUE DEMOCRATIQUE DU CONGO CHEF DE L\u2019ETAT A Son Excellence Monsieur le Pr\u00e9sident de la R\u00e9publique, Chef de l\u2019\u00c9tat, \u00ab&nbsp;avec l\u2019expression de nos hommages les plus d\u00e9f\u00e9rents&nbsp;\u00bb, Excellence Monsieur le Pr\u00e9sident de la R\u00e9publique, Chef de l\u2019\u00c9tat, Le Comit\u00e9 [&hellip;]<\/p>\n","protected":false},"author":1,"featured_media":2851,"comment_status":"open","ping_status":"open","sticky":false,"template":"","format":"standard","meta":[],"categories":[3],"tags":[],"_links":{"self":[{"href":"https:\/\/conafed.org\/index.php\/wp-json\/wp\/v2\/posts\/2850"}],"collection":[{"href":"https:\/\/conafed.org\/index.php\/wp-json\/wp\/v2\/posts"}],"about":[{"href":"https:\/\/conafed.org\/index.php\/wp-json\/wp\/v2\/types\/post"}],"author":[{"embeddable":true,"href":"https:\/\/conafed.org\/index.php\/wp-json\/wp\/v2\/users\/1"}],"replies":[{"embeddable":true,"href":"https:\/\/conafed.org\/index.php\/wp-json\/wp\/v2\/comments?post=2850"}],"version-history":[{"count":1,"href":"https:\/\/conafed.org\/index.php\/wp-json\/wp\/v2\/posts\/2850\/revisions"}],"predecessor-version":[{"id":2852,"href":"https:\/\/conafed.org\/index.php\/wp-json\/wp\/v2\/posts\/2850\/revisions\/2852"}],"wp:featuredmedia":[{"embeddable":true,"href":"https:\/\/conafed.org\/index.php\/wp-json\/wp\/v2\/media\/2851"}],"wp:attachment":[{"href":"https:\/\/conafed.org\/index.php\/wp-json\/wp\/v2\/media?parent=2850"}],"wp:term":[{"taxonomy":"category","embeddable":true,"href":"https:\/\/conafed.org\/index.php\/wp-json\/wp\/v2\/categories?post=2850"},{"taxonomy":"post_tag","embeddable":true,"href":"https:\/\/conafed.org\/index.php\/wp-json\/wp\/v2\/tags?post=2850"}],"curies":[{"name":"wp","href":"https:\/\/api.w.org\/{rel}","templated":true}]}}