{"id":2915,"date":"2024-10-14T15:48:47","date_gmt":"2024-10-14T13:48:47","guid":{"rendered":"https:\/\/conafed.org\/?p=2915"},"modified":"2024-10-14T15:52:49","modified_gmt":"2024-10-14T13:52:49","slug":"journee-internationale-de-la-jeune-fille-le-conafed-demande-au-gouvernement-de-prendre-des-mesures-efficaces-pour-lutter-contre-le-mariage-precoce-en-rdc","status":"publish","type":"post","link":"https:\/\/conafed.org\/index.php\/2024\/10\/14\/journee-internationale-de-la-jeune-fille-le-conafed-demande-au-gouvernement-de-prendre-des-mesures-efficaces-pour-lutter-contre-le-mariage-precoce-en-rdc\/","title":{"rendered":"Journ\u00e9e Internationale de la Jeune Fille\u00a0: le CONAFED demande au gouvernement de prendre des mesures efficaces pour lutter contre les mariages pr\u00e9coces en RDC\u00a0"},"content":{"rendered":"\n<p><strong><em>Le monde entier c\u00e9l\u00e8bre le 11 octobre de chaque ann\u00e9e, la Journ\u00e9e Internationale de la Jeune fille. Le th\u00e8me choisi cette ann\u00e9e est : \u00abla vision des filles pour l\u2019avenir\u00bb. A cette occasion, le Comit\u00e9 National Femme et D\u00e9veloppement, CONAFED renforce son plaidoyer aupr\u00e8s des d\u00e9cideurs en l\u2019occurrence le Pr\u00e9sident de la R\u00e9publique, Chef de l\u2019Etat ainsi que d\u2019autres autorit\u00e9s de prendre des mesures efficaces pouvant lutter contre le ph\u00e9nom\u00e8ne \u00ab mariage pr\u00e9coce \u00bb en R\u00e9publique d\u00e9mocratique du Congo. Ceci, afin de contribuer \u00e0 l\u2019\u00e9panouissement int\u00e9gral et multisectoriel de l\u2019enfant \u00e0 travers la jouissance de ses droits les plus fondamentaux. Cette structure de la soci\u00e9t\u00e9 civile s\u2019est exprim\u00e9e devant la presse \u00e0 travers une d\u00e9claration lue par sa Secr\u00e9taire Permanente, Jeanne Nzuzi Nsamba, vendredi 11 octobre 2024, dans son bureau situ\u00e9 dans la commune de la Gombe. Cette activit\u00e9 s\u2019inscrit dans le cadre du projet de lutte contre les mariages pr\u00e9coces en RDC, ex\u00e9cut\u00e9 par le Conafed avec l\u2019appui de Girls First Fund.<\/em><\/strong><\/p>\n\n\n\n<p>En effet, le Comit\u00e9 National Femme et D\u00e9veloppement, CONAFED, constate avec amertume la persistance du ph\u00e9nom\u00e8ne \u00ab mariages pr\u00e9coces \u00bb en R\u00e9publique d\u00e9mocratique du Congo. Et ce, malgr\u00e9 les efforts fournis par le gouvernement, les ONG ainsi que les diff\u00e9rentes parties prenantes, afin de reduire l\u2019ampleur de ce fl\u00e9au.&nbsp;<\/p>\n\n\n\n<p>Pourtant, les mariages pr\u00e9coces ou unions conjugales des enfants sont interdits par les instruments juridiques notamment la Constitution de la R\u00e9publique du 18 f\u00e9vrier 2011 en son article 41 ; aux lois n\u00ba06\/018 et n\u00ba06\/019 du 20 juillet 2006 sur les violences sexuelles et autres dispositions l\u00e9gales en vigueur.<\/p>\n\n\n\n<p>La d\u00e9claration indique qu'apr\u00e8s analyse faite par le CONAFED, la situation \u00e9conomique et sociale pr\u00e9occupante dans le pays pousse de nombreuses familles \u00e0 couvrir et m\u00eame encourager des mariages pr\u00e9coces, offrant quasiment leurs enfants \u00e0 des pr\u00e9dateurs. Lesdites unions ont un impact n\u00e9gatif sur la croissance des jeunes filles, leur sant\u00e9 en g\u00e9n\u00e9ral et leur \u00e9ducation. Une fois mari\u00e9es, les filles abandonnent g\u00e9n\u00e9ralement l'\u00e9cole. Et pourtant, l'acc\u00e8s des filles \u00e0 l'\u00e9ducation est consid\u00e9r\u00e9 comme le meilleur moyen de combattre cette pratique. Les parents en situation de pauvret\u00e9 donnent t\u00f4t en mariage leurs filles pour r\u00e9duire leur charge financi\u00e8re.<\/p>\n\n\n\n<p>Le CONAFED rappelle tout de m\u00eame qu\u2019il s\u2019est tenu en 2017 \u00e0 Dakar, un sommet de trois jours contre les mariages des enfants en Afrique de l'Ouest et du Centre.<\/p>\n\n\n\n<p>Durant ce sommet, des ministres, des chefs religieux et traditionnels ainsi que des agences des Nations Unies et des organisations caritatives ont fait le point sur les avanc\u00e9es enregistr\u00e9es pour mettre fin \u00e0 ce ph\u00e9nom\u00e8ne. Chaque pays a pris l\u2019engagement de s\u2019impliquer dans cette lutte en associant les chefs religieux et traditionnels qui ont un r\u00f4le tr\u00e8s important \u00e0 jouer.<\/p>\n\n\n\n<p>\"La RDC a \u00e9galement mis en place un plan quinquennal de lutte contre les mariages pr\u00e9coces de 2017 \u00e0 2021 qui a \u00e9t\u00e9 contextualis\u00e9 en 2022. Ce plan est encore sous examen au cabinet de la Ministre du genre pour validation\", r\u00e9v\u00e8le la source.<\/p>\n\n\n\n<p>En outre, le CONAFED a entrepris depuis quelques ann\u00e9es un plaidoyer pour la lutte contre les mariages pr\u00e9coces en RDC. En tant qu'organisation de la soci\u00e9t\u00e9 civile qui milite pour la promotion des droits des femmes et des jeunes filles, le CONAFED attire l'attention des autorit\u00e9s tant nationales, provinciales, locales, religieuses que coutumi\u00e8res sur la n\u00e9cessit\u00e9 d'adopter et de mettre en \u0153uvre des politiques et mesures ad\u00e9quates pour r\u00e9duire l\u2019ampleur du ph\u00e9nom\u00e8ne \u00ab mariage pr\u00e9coce \u00bb en R\u00e9publique D\u00e9mocratique du Congo.&nbsp;<\/p>\n\n\n\n<p>Il sied de signaler que le chef de l\u2019Etat, F\u00e9lix Antoine Tshilombo Tshisekedi a \u00e9t\u00e9 nomin\u00e9 champion de la masculinit\u00e9 positive pour son combat dans la lutte contre les Violences Bas\u00e9es sur le Genre en RDC. De ce fait, il a lanc\u00e9 en date du 19 Juin 2021, la campagne tol\u00e9rance z\u00e9ro imm\u00e9diate contre les auteurs des violences sexuelles dont les mariages d\u2019enfants en font partie. Raison pour laquelle Il s\u2019est engag\u00e9 personnellement \u00e0 mettre fin aux unions pr\u00e9coces. Ainsi lors de la 60\u00e8me r\u00e9union du Conseil des ministres, le Pr\u00e9sident de la R\u00e9publique a ordonn\u00e9 aux ministres de s\u2019impliquer dans la lutte contre les unions conjugales des enfants.<\/p>\n\n\n\n<p>L'implication de tous est importante dans cette lutte.<\/p>\n\n\n\n<p class=\"has-text-align-right\"><strong>CONAFED<\/strong><\/p>\n","protected":false},"excerpt":{"rendered":"<p>Le monde entier c\u00e9l\u00e8bre le 11 octobre de chaque ann\u00e9e, la Journ\u00e9e Internationale de la Jeune fille. Le th\u00e8me choisi cette ann\u00e9e est : \u00abla vision des filles pour l\u2019avenir\u00bb. A cette occasion, le Comit\u00e9 National Femme et D\u00e9veloppement, CONAFED renforce son plaidoyer aupr\u00e8s des d\u00e9cideurs en l\u2019occurrence le Pr\u00e9sident de la R\u00e9publique, Chef de [&hellip;]<\/p>\n","protected":false},"author":1,"featured_media":2916,"comment_status":"open","ping_status":"open","sticky":false,"template":"","format":"standard","meta":[],"categories":[3],"tags":[],"_links":{"self":[{"href":"https:\/\/conafed.org\/index.php\/wp-json\/wp\/v2\/posts\/2915"}],"collection":[{"href":"https:\/\/conafed.org\/index.php\/wp-json\/wp\/v2\/posts"}],"about":[{"href":"https:\/\/conafed.org\/index.php\/wp-json\/wp\/v2\/types\/post"}],"author":[{"embeddable":true,"href":"https:\/\/conafed.org\/index.php\/wp-json\/wp\/v2\/users\/1"}],"replies":[{"embeddable":true,"href":"https:\/\/conafed.org\/index.php\/wp-json\/wp\/v2\/comments?post=2915"}],"version-history":[{"count":3,"href":"https:\/\/conafed.org\/index.php\/wp-json\/wp\/v2\/posts\/2915\/revisions"}],"predecessor-version":[{"id":2919,"href":"https:\/\/conafed.org\/index.php\/wp-json\/wp\/v2\/posts\/2915\/revisions\/2919"}],"wp:featuredmedia":[{"embeddable":true,"href":"https:\/\/conafed.org\/index.php\/wp-json\/wp\/v2\/media\/2916"}],"wp:attachment":[{"href":"https:\/\/conafed.org\/index.php\/wp-json\/wp\/v2\/media?parent=2915"}],"wp:term":[{"taxonomy":"category","embeddable":true,"href":"https:\/\/conafed.org\/index.php\/wp-json\/wp\/v2\/categories?post=2915"},{"taxonomy":"post_tag","embeddable":true,"href":"https:\/\/conafed.org\/index.php\/wp-json\/wp\/v2\/tags?post=2915"}],"curies":[{"name":"wp","href":"https:\/\/api.w.org\/{rel}","templated":true}]}}