{"id":2966,"date":"2025-05-02T14:15:00","date_gmt":"2025-05-02T12:15:00","guid":{"rendered":"https:\/\/conafed.org\/?p=2966"},"modified":"2025-05-08T14:32:27","modified_gmt":"2025-05-08T12:32:27","slug":"gouvernance-locale-aeta-renforce-les-capacites-des-conseillers-communaux","status":"publish","type":"post","link":"https:\/\/conafed.org\/index.php\/2025\/05\/02\/gouvernance-locale-aeta-renforce-les-capacites-des-conseillers-communaux\/","title":{"rendered":"Gouvernance locale : AETA renforce les capacit\u00e9s des conseillers communaux"},"content":{"rendered":"\n<p>La plate-forme Agir pour les \u00c9lections Transparentes et Apais\u00e9es (AETA) a organis\u00e9, du 29 au 30 avril, un atelier de sensibilisation \u00e0 l\u2019intention des animateurs des entit\u00e9s territoriales d\u00e9centralis\u00e9es (ETD) dans la salle Kundelungu du b\u00e2timent Paul Panda, dans la commune de Lingwala \u00e0 Kinshasa. Sous le th\u00e8me&nbsp;: \u00ab <em>R\u00f4les et responsabilit\u00e9s par une gouvernance administrative et financi\u00e8re<\/em> \u00bb, l\u2019atelier a r\u00e9uni des conseillers communaux et membres de la soci\u00e9t\u00e9 civile autour de deux sous-th\u00e8mes \u00e0 savoir : la pertinence du r\u00f4le des conseillers et le suivi-contr\u00f4le des finances locales.<\/p>\n\n\n\n<p>L\u2019expert \u00e9lectoral Jean-Michel Mvondo a ax\u00e9 son intervention sur la pertinence du r\u00f4le des conseillers communaux. Il a d\u00e9plor\u00e9 le manque de collaboration entre les conseillers et les ex\u00e9cutifs communaux, appelant les \u00e9lus locaux \u00e0 s\u2019investir dans des projets \u00e9ducatifs et sociaux. De son c\u00f4t\u00e9, l\u2019expert en finances publiques Val\u00e9rie Madianga a insist\u00e9 sur l\u2019importance d\u2019une bonne gestion budg\u00e9taire des ETD, soulignant leur autonomie financi\u00e8re.<\/p>\n\n\n\n<p>Les participants ont exprim\u00e9 leur d\u00e9sir d\u2019\u00eatre mieux consid\u00e9r\u00e9s afin de contribuer efficacement au d\u00e9veloppement de leurs communes. AETA a cl\u00f4tur\u00e9 l\u2019atelier en appelant \u00e0 un engagement collectif pour une gouvernance locale plus transparente et inclusive.<\/p>\n\n\n\n<p class=\"has-text-align-right\"><strong>Eureka\u00a0\u00a0 Mafuta<\/strong><\/p>\n","protected":false},"excerpt":{"rendered":"<p>La plate-forme Agir pour les \u00c9lections Transparentes et Apais\u00e9es (AETA) a organis\u00e9, du 29 au 30 avril, un atelier de sensibilisation \u00e0 l\u2019intention des animateurs des entit\u00e9s territoriales d\u00e9centralis\u00e9es (ETD) dans la salle Kundelungu du b\u00e2timent Paul Panda, dans la commune de Lingwala \u00e0 Kinshasa. Sous le th\u00e8me&nbsp;: \u00ab R\u00f4les et responsabilit\u00e9s par une gouvernance [&hellip;]<\/p>\n","protected":false},"author":1,"featured_media":2967,"comment_status":"open","ping_status":"open","sticky":false,"template":"","format":"standard","meta":[],"categories":[3],"tags":[],"_links":{"self":[{"href":"https:\/\/conafed.org\/index.php\/wp-json\/wp\/v2\/posts\/2966"}],"collection":[{"href":"https:\/\/conafed.org\/index.php\/wp-json\/wp\/v2\/posts"}],"about":[{"href":"https:\/\/conafed.org\/index.php\/wp-json\/wp\/v2\/types\/post"}],"author":[{"embeddable":true,"href":"https:\/\/conafed.org\/index.php\/wp-json\/wp\/v2\/users\/1"}],"replies":[{"embeddable":true,"href":"https:\/\/conafed.org\/index.php\/wp-json\/wp\/v2\/comments?post=2966"}],"version-history":[{"count":1,"href":"https:\/\/conafed.org\/index.php\/wp-json\/wp\/v2\/posts\/2966\/revisions"}],"predecessor-version":[{"id":2968,"href":"https:\/\/conafed.org\/index.php\/wp-json\/wp\/v2\/posts\/2966\/revisions\/2968"}],"wp:featuredmedia":[{"embeddable":true,"href":"https:\/\/conafed.org\/index.php\/wp-json\/wp\/v2\/media\/2967"}],"wp:attachment":[{"href":"https:\/\/conafed.org\/index.php\/wp-json\/wp\/v2\/media?parent=2966"}],"wp:term":[{"taxonomy":"category","embeddable":true,"href":"https:\/\/conafed.org\/index.php\/wp-json\/wp\/v2\/categories?post=2966"},{"taxonomy":"post_tag","embeddable":true,"href":"https:\/\/conafed.org\/index.php\/wp-json\/wp\/v2\/tags?post=2966"}],"curies":[{"name":"wp","href":"https:\/\/api.w.org\/{rel}","templated":true}]}}