{"id":2984,"date":"2025-07-11T13:01:00","date_gmt":"2025-07-11T11:01:00","guid":{"rendered":"https:\/\/conafed.org\/?p=2984"},"modified":"2025-07-11T13:51:18","modified_gmt":"2025-07-11T11:51:18","slug":"pour-la-securite-sociale-des-acteurs-de-la-societe-civile-le-conafed-lance-la-mutuelle-de-solidarite-et-de-sante","status":"publish","type":"post","link":"https:\/\/conafed.org\/index.php\/2025\/07\/11\/pour-la-securite-sociale-des-acteurs-de-la-societe-civile-le-conafed-lance-la-mutuelle-de-solidarite-et-de-sante\/","title":{"rendered":"Pour la s\u00e9curit\u00e9 sociale des acteurs de la soci\u00e9t\u00e9 civile\u00a0: le CONAFED lance la Mutuelle de solidarit\u00e9 et de sant\u00e9"},"content":{"rendered":"\n<p>Avec l'appui d'Olof Palme International Centre, le Comit\u00e9 National Femme et D\u00e9veloppement, CONAFED s\u2019engage \u00e0 lancer une mutuelle de solidarit\u00e9 et de sant\u00e9 en faveur des acteurs de la soci\u00e9t\u00e9 civile et ceux du secteur informel. C\u2019est dans ce cadre qu\u2019il a organis\u00e9 du 07 au 10 juillet 2025 \u00e0 Kinshasa, deux ateliers de formation en techniques de mobilisation des ressources (humaines et financi\u00e8res) et des modalit\u00e9s d'adh\u00e9sion \u00e0 la mutuelle ainsi que la gestion financi\u00e8re d\u2019une mutuelle.<\/p>\n\n\n\n<figure class=\"wp-block-image size-large\"><img loading=\"lazy\" width=\"720\" height=\"399\" src=\"https:\/\/conafed.org\/wp-content\/uploads\/2025\/07\/conference-e-720x399.jpg\" alt=\"\" class=\"wp-image-2989\"\/><figcaption><strong><em>Une vue de participants<\/em><\/strong><\/figcaption><\/figure>\n\n\n\n<p>Les objectifs poursuivis sont entre autres de cibler les fournisseurs de ressources et leurs motivations ; analyser la probl\u00e9matique de mobilisation de ressources pour une organisation; Concevoir un m\u00e9canisme de mobilisation de ressources internes et externes pour une mutuelle de s\u00e9curit\u00e9 sociale et \u00e9tablir des partenariats multiples n\u00e9cessaires pour l'organisation.<\/p>\n\n\n\n<figure class=\"wp-block-image size-large\"><img loading=\"lazy\" width=\"720\" height=\"399\" src=\"https:\/\/conafed.org\/wp-content\/uploads\/2025\/07\/conference-d-720x399.jpg\" alt=\"\" class=\"wp-image-2988\"\/><\/figure>\n\n\n\n<p>Il s\u2019agit \u00e9galement de renforcer les comp\u00e9tences des cadres manag\u00e9riaux et des professionnels des mutuelles en mati\u00e8re de gestion financi\u00e8re et comptable&nbsp;; d\u00e9crire les m\u00e9canismes de la tenue de la comptabilit\u00e9 et de la gestion financi\u00e8re d\u2019une mutuelle&nbsp;et utiliser les proc\u00e9dures et techniques n\u00e9cessaires pour une bonne gestion financi\u00e8re et comptable d\u2019une mutuelle.<\/p>\n\n\n\n<p>Plus de 30 organisations membres du CONAFED ont pris part \u00e0 ces assises avec la facilitation de monsieur Floribert Kabeya Ibanda, Directeur du Programme National d\u2019Appui \u00e0 la protection sociale (PNPS).<\/p>\n\n\n\n<figure class=\"wp-block-image size-large\"><img loading=\"lazy\" width=\"720\" height=\"399\" src=\"https:\/\/conafed.org\/wp-content\/uploads\/2025\/07\/conference-b-720x399.jpg\" alt=\"\" class=\"wp-image-2986\"\/><figcaption><strong><em>Le Formateur et des participants<\/em><\/strong><\/figcaption><\/figure>\n\n\n\n<p>Dans son intervention, La Secr\u00e9taire Permanente du Conafed, Madame Jeanne Nzuzi Nsamba s\u2019est exprim\u00e9e en ces termes&nbsp;: \u00ab&nbsp;<em>Notre objectif est de mettre en place une mutuelle de solidarit\u00e9 et de sant\u00e9 \u00e0 l\u2019intention des acteurs de la soci\u00e9t\u00e9 civile et ceux du secteur informel. Beaucoup de corporations s\u2019organisent pour garantir la s\u00e9curit\u00e9 sociale de leurs membres. Malheureusement, au sein de la soci\u00e9t\u00e9 civile il n\u2019y a pas des dispositions garantissant l\u2019avenir des agents qui y \u0153uvrent. C\u2019est pourquoi, le Conafed a pris cette initiative, de se lancer dans le processus de la mise en place d\u2019une mutuelle de solidarit\u00e9 et de sant\u00e9 pour les acteurs de la soci\u00e9t\u00e9 civile ainsi que les membres des diff\u00e9rentes associations \u0153uvrant dans le secteur informel. Les modules sur la mobilisation des ressources et la gestion financi\u00e8re d\u2019une mutuelle vont nous conduire au lancement de la mutuelle de solidarit\u00e9 et de sant\u00e9<\/em>&nbsp;\u00bb, a-t-elle pr\u00e9cis\u00e9. Et d\u2019ajouter que le Conafed est accompagn\u00e9 par trois minist\u00e8res, celui du Genre, Famille et Enfant&nbsp;; du Travail et de la Sant\u00e9.<\/p>\n\n\n\n<figure class=\"wp-block-image size-large\"><img loading=\"lazy\" width=\"720\" height=\"399\" src=\"https:\/\/conafed.org\/wp-content\/uploads\/2025\/07\/conference-c-720x399.jpg\" alt=\"\" class=\"wp-image-2987\"\/><figcaption><strong><em>Le Staff Conafed et quelques participants<\/em><\/strong><\/figcaption><\/figure>\n\n\n\n<p>Le Facilitateur des ateliers, Monsieur Floribert Kabeya accompagne le Conafed dans ce processus du lancement d\u2019une mutuelle. \u00ab&nbsp;<em>Face aux probl\u00e8mes sociaux rencontr\u00e9s par les individus dans une soci\u00e9t\u00e9 \u00e0 savoir&nbsp;: des accidents professionnels, des maladies, d\u00e9c\u00e8s et autres, il est pr\u00e9vu des m\u00e9canismes de prise en charge appel\u00e9s \u00ab&nbsp;s\u00e9curit\u00e9 sociale&nbsp;\u00bb. Le Conafed en tant que R\u00e9seau national des ONG, a fait un constat selon lequel, les acteurs de la soci\u00e9t\u00e9 civile et ceux du secteur informel n\u2019ont pas acc\u00e8s \u00e0 la s\u00e9curit\u00e9 sociale. C\u2019est pourquoi, cette organisation de la soci\u00e9t\u00e9 &nbsp;civile est en train de r\u00e9fl\u00e9chir sur la mise en place d\u2019une structure susceptible d\u2019apporter la s\u00e9curit\u00e9 sociale \u00e0 cette cat\u00e9gorie de personnes&nbsp;\u00bb<\/em>, a-t-il- d\u00e9clar\u00e9<em>.<\/em><\/p>\n\n\n\n<p>Les participants et participantes \u00e0 ces assises ont encourag\u00e9 l\u2019initiative du Conafed et ont \u00e9mu le v\u0153u de voir la mutuelle lanc\u00e9e pour leur adh\u00e9sion massive.<\/p>\n\n\n\n<p class=\"has-text-align-right\"><strong>G\u00e9nie Mulobo<\/strong><\/p>\n","protected":false},"excerpt":{"rendered":"<p>Avec l&#8217;appui d&#8217;Olof Palme International Centre, le Comit\u00e9 National Femme et D\u00e9veloppement, CONAFED s\u2019engage \u00e0 lancer une mutuelle de solidarit\u00e9 et de sant\u00e9 en faveur des acteurs de la soci\u00e9t\u00e9 civile et ceux du secteur informel. C\u2019est dans ce cadre qu\u2019il a organis\u00e9 du 07 au 10 juillet 2025 \u00e0 Kinshasa, deux ateliers de formation [&hellip;]<\/p>\n","protected":false},"author":1,"featured_media":2985,"comment_status":"open","ping_status":"open","sticky":false,"template":"","format":"standard","meta":[],"categories":[3],"tags":[],"_links":{"self":[{"href":"https:\/\/conafed.org\/index.php\/wp-json\/wp\/v2\/posts\/2984"}],"collection":[{"href":"https:\/\/conafed.org\/index.php\/wp-json\/wp\/v2\/posts"}],"about":[{"href":"https:\/\/conafed.org\/index.php\/wp-json\/wp\/v2\/types\/post"}],"author":[{"embeddable":true,"href":"https:\/\/conafed.org\/index.php\/wp-json\/wp\/v2\/users\/1"}],"replies":[{"embeddable":true,"href":"https:\/\/conafed.org\/index.php\/wp-json\/wp\/v2\/comments?post=2984"}],"version-history":[{"count":1,"href":"https:\/\/conafed.org\/index.php\/wp-json\/wp\/v2\/posts\/2984\/revisions"}],"predecessor-version":[{"id":2990,"href":"https:\/\/conafed.org\/index.php\/wp-json\/wp\/v2\/posts\/2984\/revisions\/2990"}],"wp:featuredmedia":[{"embeddable":true,"href":"https:\/\/conafed.org\/index.php\/wp-json\/wp\/v2\/media\/2985"}],"wp:attachment":[{"href":"https:\/\/conafed.org\/index.php\/wp-json\/wp\/v2\/media?parent=2984"}],"wp:term":[{"taxonomy":"category","embeddable":true,"href":"https:\/\/conafed.org\/index.php\/wp-json\/wp\/v2\/categories?post=2984"},{"taxonomy":"post_tag","embeddable":true,"href":"https:\/\/conafed.org\/index.php\/wp-json\/wp\/v2\/tags?post=2984"}],"curies":[{"name":"wp","href":"https:\/\/api.w.org\/{rel}","templated":true}]}}