{"id":2997,"date":"2025-10-17T13:11:00","date_gmt":"2025-10-17T11:11:00","guid":{"rendered":"https:\/\/conafed.org\/?p=2997"},"modified":"2025-10-20T13:45:26","modified_gmt":"2025-10-20T11:45:26","slug":"mutuelle-sociale-et-de-sante-le-conafed-met-en-place-un-comite-provisoire-compose-de-cinq-membres","status":"publish","type":"post","link":"https:\/\/conafed.org\/index.php\/2025\/10\/17\/mutuelle-sociale-et-de-sante-le-conafed-met-en-place-un-comite-provisoire-compose-de-cinq-membres\/","title":{"rendered":"Mutuelle sociale et de sant\u00e9\u00a0: le CONAFED met en place un comit\u00e9 provisoire compos\u00e9 de cinq membres\u00a0"},"content":{"rendered":"\n<p>Un comit\u00e9 provisoire constitu\u00e9 de 5 membres a \u00e9t\u00e9 mis en place pour la mat\u00e9rialisation de la mise en place d'une mutuelle de solidarit\u00e9 et de sant\u00e9 du CONAFED. C'\u00e9tait au cours d'une assembl\u00e9e constitutive organis\u00e9e par le Comit\u00e9 National Femme et D\u00e9veloppement, CONAFED, jeudi 16 octobre 2025 au centre catholique Liloba dans la commune de Lemba \u00e0 Kinshasa, avec l'appui technique et financier d'Olof Palme International Center.<\/p>\n\n\n\n<p>Au total, 60 participants ont pris part \u00e0 cette activit\u00e9 dont l'\u00e9quipe d'Olof Palme International Center compos\u00e9e d'Alphonse MULUMBA, Directeur-pays, LINN LUKSCHANA, Directrice internationale des programmes OPC au monde et Patrick SANTU Consultant-traducteur. L'objectif \u00e9tait de contribuer \u00e0 la cr\u00e9ation d'une mutuelle sociale et de sant\u00e9 en faveur des acteurs de la soci\u00e9t\u00e9 civile et ceux du secteur informel.<\/p>\n\n\n\n<figure class=\"wp-container-2 wp-block-gallery-1 wp-block-gallery has-nested-images columns-default is-cropped\">\n<figure class=\"wp-block-image size-large\"><img loading=\"lazy\" width=\"720\" height=\"399\" data-id=\"2998\"  src=\"https:\/\/conafed.org\/wp-content\/uploads\/2025\/10\/liloba-2-720x399.jpg\" alt=\"\" class=\"wp-image-2998\"\/><figcaption><em><strong>L'\u00e9quipe d'OPC et le staff CONAFED<\/strong><\/em><\/figcaption><\/figure>\n<\/figure>\n\n\n\n<p>Dans son allocution, la secr\u00e9taire permanente du CONAFED, Jeanne Nzuzi a fait savoir que c'est un processus qui a commenc\u00e9 depuis quelques mois et qui concerne la mise en place d'une mutuelle de solidarit\u00e9 et de sant\u00e9. \"<em>Comme les diff\u00e9rentes structures s'organisent actuellement avec la couverture sant\u00e9 universelle pour faire face aux probl\u00e8mes de leurs communaut\u00e9s, les acteurs de la soci\u00e9t\u00e9 civile, les femmes et jeunes du secteur informel ne sont pas couverts du point de vue s\u00e9curit\u00e9 sociale et sant\u00e9. Raison pour laquelle, nous sommes oblig\u00e9s de nous inscrire dans la couverture sant\u00e9 universelle et aussi analyser toutes les questions que nous sommes en train de vivre apr\u00e8s notre travail. Et aujourd'hui, nous sommes l\u00e0 pour voir comment adopter les textes de base mis en place qui vont r\u00e9gir les deux mutuelles<\/em>\", a-t-elle d\u00e9clar\u00e9.<\/p>\n\n\n\n<figure class=\"wp-container-4 wp-block-gallery-3 wp-block-gallery has-nested-images columns-default is-cropped\">\n<figure class=\"wp-block-image size-large\"><img loading=\"lazy\" width=\"720\" height=\"399\" data-id=\"2999\"  src=\"https:\/\/conafed.org\/wp-content\/uploads\/2025\/10\/liloba-3-720x399.jpg\" alt=\"\" class=\"wp-image-2999\"\/><figcaption><em><strong>Une vue de membres du Comit\u00e9 de la mutuelle, le Formateur et la Secr\u00e9taire permanente du Conafed<\/strong><\/em><\/figcaption><\/figure>\n<\/figure>\n\n\n\n<p>Et d'ajouter que cette session de l\u2019Assembl\u00e9e constitutive permettra de faire la lecture du projet des statuts et r\u00e8glement int\u00e9rieur pour y apporter des Amendements ainsi que l\u2019\u00e9lection du Comit\u00e9 Provisoire qui facilitera la validation desdits textes par les membres adh\u00e9rents.<\/p>\n\n\n\n<p>Pour sa part, le Facilitateur de ces assises, M. Floribert Kabeya, Directeur du Programme d'appui \u00e0 la protection sociale, PNPS a insist\u00e9 sur le fait que sa structure vient accompagner le CONAFED dans cette initiative pour renforcer les capacit\u00e9s de ses membres et que ces derniers puissent comprendre le fonctionnement d'une mutuelle.<\/p>\n\n\n\n<figure class=\"wp-container-6 wp-block-gallery-5 wp-block-gallery has-nested-images columns-default is-cropped\">\n<figure class=\"wp-block-image size-large\"><img loading=\"lazy\" width=\"720\" height=\"399\" data-id=\"3000\"  src=\"https:\/\/conafed.org\/wp-content\/uploads\/2025\/10\/liloba-4-720x399.jpg\" alt=\"\" class=\"wp-image-3000\"\/><figcaption><em><strong>Les participants \u00e0 l'atelier<\/strong><\/em><\/figcaption><\/figure>\n<\/figure>\n\n\n\n<p>\"<em>Aujourd'hui nous venons pour la mise en place d'une structure charg\u00e9e de la mat\u00e9rialisation de la mise en place d'une mutuelle de solidarit\u00e9 et de sant\u00e9 du CONAFED. Cette structure va s'occuper d'\u00e9laborer les statuts et organiser une \u00e9tude de faisabilit\u00e9. Aussi, une assembl\u00e9e g\u00e9n\u00e9rale constitutive. \u00c9tant une organisation nationale, le CONAFED va faire en sorte que l'offre de prestation sociale soit garantie de la m\u00eame mani\u00e8re au niveau national que provincial\",<\/em> a-t-il soulign\u00e9.<\/p>\n\n\n\n<p class=\"has-text-align-right\"><strong>Conafed<\/strong><\/p>\n","protected":false},"excerpt":{"rendered":"<p>Un comit\u00e9 provisoire constitu\u00e9 de 5 membres a \u00e9t\u00e9 mis en place pour la mat\u00e9rialisation de la mise en place d&#8217;une mutuelle de solidarit\u00e9 et de sant\u00e9 du CONAFED. C&#8217;\u00e9tait au cours d&#8217;une assembl\u00e9e constitutive organis\u00e9e par le Comit\u00e9 National Femme et D\u00e9veloppement, CONAFED, jeudi 16 octobre 2025 au centre catholique Liloba dans la commune [&hellip;]<\/p>\n","protected":false},"author":1,"featured_media":3001,"comment_status":"open","ping_status":"open","sticky":false,"template":"","format":"standard","meta":[],"categories":[3],"tags":[],"_links":{"self":[{"href":"https:\/\/conafed.org\/index.php\/wp-json\/wp\/v2\/posts\/2997"}],"collection":[{"href":"https:\/\/conafed.org\/index.php\/wp-json\/wp\/v2\/posts"}],"about":[{"href":"https:\/\/conafed.org\/index.php\/wp-json\/wp\/v2\/types\/post"}],"author":[{"embeddable":true,"href":"https:\/\/conafed.org\/index.php\/wp-json\/wp\/v2\/users\/1"}],"replies":[{"embeddable":true,"href":"https:\/\/conafed.org\/index.php\/wp-json\/wp\/v2\/comments?post=2997"}],"version-history":[{"count":1,"href":"https:\/\/conafed.org\/index.php\/wp-json\/wp\/v2\/posts\/2997\/revisions"}],"predecessor-version":[{"id":3002,"href":"https:\/\/conafed.org\/index.php\/wp-json\/wp\/v2\/posts\/2997\/revisions\/3002"}],"wp:featuredmedia":[{"embeddable":true,"href":"https:\/\/conafed.org\/index.php\/wp-json\/wp\/v2\/media\/3001"}],"wp:attachment":[{"href":"https:\/\/conafed.org\/index.php\/wp-json\/wp\/v2\/media?parent=2997"}],"wp:term":[{"taxonomy":"category","embeddable":true,"href":"https:\/\/conafed.org\/index.php\/wp-json\/wp\/v2\/categories?post=2997"},{"taxonomy":"post_tag","embeddable":true,"href":"https:\/\/conafed.org\/index.php\/wp-json\/wp\/v2\/tags?post=2997"}],"curies":[{"name":"wp","href":"https:\/\/api.w.org\/{rel}","templated":true}]}}