{"id":66,"date":"2016-10-31T10:52:05","date_gmt":"2016-10-31T09:52:05","guid":{"rendered":"http:\/\/conafed.org\/?p=66"},"modified":"2019-03-14T17:01:29","modified_gmt":"2019-03-14T16:01:29","slug":"annie-mbadu-secretaire-permanente-refec-kongo-central","status":"publish","type":"post","link":"https:\/\/conafed.org\/index.php\/2016\/10\/31\/annie-mbadu-secretaire-permanente-refec-kongo-central\/","title":{"rendered":"ANNIE MBADU Secr\u00e9taire Permanente : REFEC : Kongo Central"},"content":{"rendered":"<p><img loading=\"lazy\" class=\" wp-image-535 alignleft\" src=\"http:\/\/conafed.org\/wp-content\/uploads\/2016\/10\/ele.jpg\" alt=\"\" width=\"400\" height=\"240\" srcset=\"https:\/\/conafed.org\/wp-content\/uploads\/2016\/10\/ele.jpg 500w, https:\/\/conafed.org\/wp-content\/uploads\/2016\/10\/ele-350x210.jpg 350w, https:\/\/conafed.org\/wp-content\/uploads\/2016\/10\/ele-140x85.jpg 140w\" sizes=\"(max-width: 400px) 100vw, 400px\" \/><\/p>\n<p style=\"text-align: justify;\">Le REFED\/BAS-CONGO et ses REFED territoriaux viennent de b\u00e9n\u00e9ficier d\u2019un financement de l\u2019ONG PARJ pour la<br \/>\nr\u00e9alisation d\u2019un projet sur les droits des femmes et des \u00a0enfants \u00e0 Matadi, Boma et Tshela.\u00a0Les diff\u00e9rents cadres de l\u2019\u00e9quipe du REFED ont b\u00e9n\u00e9fici\u00e9 \u00a0d\u2019une formation sur les droits des femmes et des enfants et \u00a0sur la gestion et l\u2019administration.\u00a0Il aussi proc\u00e9d\u00e9 au monitoring sur la participation des \u00a0femmes.<\/p>\n<p style=\"text-align: justify;\">AUCUNE FEMME N\u2019A ETE ELUE AU BAS-CONGO AUX \u00a0ELECTIONS LEGISLATIVES DE 2011, POURQUOI ?\u00a0Lors des \u00e9lections de 2006, au niveau national, la province \u00a0du Bas-Congo a envoy\u00e9 deux femmes \u00e0 l\u2019Assembl\u00e9e \u00a0Nationale et z\u00e9ro au Senat. La province comptait 24 si\u00e8ges \u00e0 \u00a0la chambre basse et trois \u00e0 la chambre haute. Le score \u00a0donne 2\/\u00a024 ou moins de 10% des si\u00e8ges \u00e0 l\u2019Assembl\u00e9e \u00a0Nationale occup\u00e9s par les femmes et 0\/3 \u00a0ou encore 0% au \u00a0s\u00e9nat. Au niveau provincial, une seule femme (1\/29\u00a0) a \u00e9t\u00e9\u00a0\u00e9lue. Chose \u00e9tonnante, en 2011, la situation s\u2019est aggrav\u00e9e. \u00a0Z\u00e9ro \u00e9lue aux \u00e9lections l\u00e9gislatives nationales.<\/p>\n","protected":false},"excerpt":{"rendered":"<p>Le REFED\/BAS-CONGO et ses REFED territoriaux viennent de b\u00e9n\u00e9ficier d\u2019un financement de l\u2019ONG PARJ pour la r\u00e9alisation d\u2019un projet sur les droits des femmes et des \u00a0enfants \u00e0 Matadi, Boma et Tshela.\u00a0Les diff\u00e9rents cadres de l\u2019\u00e9quipe du REFED ont b\u00e9n\u00e9fici\u00e9 \u00a0d\u2019une formation sur les droits des femmes et des enfants et \u00a0sur la gestion et [&hellip;]<\/p>\n","protected":false},"author":1,"featured_media":535,"comment_status":"closed","ping_status":"open","sticky":false,"template":"","format":"standard","meta":[],"categories":[2],"tags":[],"_links":{"self":[{"href":"https:\/\/conafed.org\/index.php\/wp-json\/wp\/v2\/posts\/66"}],"collection":[{"href":"https:\/\/conafed.org\/index.php\/wp-json\/wp\/v2\/posts"}],"about":[{"href":"https:\/\/conafed.org\/index.php\/wp-json\/wp\/v2\/types\/post"}],"author":[{"embeddable":true,"href":"https:\/\/conafed.org\/index.php\/wp-json\/wp\/v2\/users\/1"}],"replies":[{"embeddable":true,"href":"https:\/\/conafed.org\/index.php\/wp-json\/wp\/v2\/comments?post=66"}],"version-history":[{"count":4,"href":"https:\/\/conafed.org\/index.php\/wp-json\/wp\/v2\/posts\/66\/revisions"}],"predecessor-version":[{"id":539,"href":"https:\/\/conafed.org\/index.php\/wp-json\/wp\/v2\/posts\/66\/revisions\/539"}],"wp:featuredmedia":[{"embeddable":true,"href":"https:\/\/conafed.org\/index.php\/wp-json\/wp\/v2\/media\/535"}],"wp:attachment":[{"href":"https:\/\/conafed.org\/index.php\/wp-json\/wp\/v2\/media?parent=66"}],"wp:term":[{"taxonomy":"category","embeddable":true,"href":"https:\/\/conafed.org\/index.php\/wp-json\/wp\/v2\/categories?post=66"},{"taxonomy":"post_tag","embeddable":true,"href":"https:\/\/conafed.org\/index.php\/wp-json\/wp\/v2\/tags?post=66"}],"curies":[{"name":"wp","href":"https:\/\/api.w.org\/{rel}","templated":true}]}}