{"id":812,"date":"2019-03-17T11:04:31","date_gmt":"2019-03-17T10:04:31","guid":{"rendered":"http:\/\/conafed.org\/?p=812"},"modified":"2019-03-17T11:05:16","modified_gmt":"2019-03-17T10:05:16","slug":"jeanne-nzuzi-se-rejouit-du-theme-de-ledition-2019-qui-rejoint-le-combat-de-la-conafed","status":"publish","type":"post","link":"https:\/\/conafed.org\/index.php\/2019\/03\/17\/jeanne-nzuzi-se-rejouit-du-theme-de-ledition-2019-qui-rejoint-le-combat-de-la-conafed\/","title":{"rendered":"Jeanne Nzuzi se r\u00e9jouit du th\u00e8me de l\u2019\u00e9dition 2019 qui rejoint le combat de la CONAFED"},"content":{"rendered":"\n<p>C<strong><em>omme chaque\nann\u00e9e, le 08 mars courant, l\u2019hu\u00admanit\u00e9 comm\u00e9morera la \u00ab Journ\u00e9e internationale\nde la femme \u00bb, et tout ce mois de mars est consacr\u00e9 \u00e0 la femme, d\u2019o\u00f9 l\u2019appellation\ndu \u00ab mois de la femme \u00bb. Au ni\u00adveau international, le th\u00e8me retenu pour cette\n\u00e9dition 2019 est : \u00ab Pensez \u00e9quita\u00adblement, b\u00e2tir intelligemment, innover pour\nle changement dans les domaines des sys\u00adt\u00e8mes de protection social, d\u2019acc\u00e8s aux\nservices pu\u00adblics et la construction d\u2019in\u00adfrastructures durables \u00bb. <\/em><\/strong><\/p>\n\n\n\n<p>Quant au th\u00e8me national pour la R\u00e9publique\nd\u00e9mocratique du Congo, il est formul\u00e9 comme suit : \u00ab Ensemble, promouvoir la\npaix, la s\u00e9curit\u00e9 et le genre par l\u2019acc\u00e8s aux services publics de qualit\u00e9 \u00bb.\nPour Mme Jeanne Nzuzi Samba, la secr\u00e9taire permanente du Comit\u00e9 natio\u00adnal Femme\net D\u00e9veloppement (CONAFED), ce th\u00e8me vient seulement rejoindre le com\u00adbat de\ntous les jours que m\u00e8ne cette organisation f\u00e9minine de la Soci\u00e9t\u00e9 civile de la\nRd Congo.<\/p>\n\n\n\n<p>\u00ab Notre pays vient de sortir d\u2019une crise. Et\ncette crise a en\u00adlev\u00e9 la paix sur toute l\u2019\u00e9tendue de la Rdc. Vous savez que les\ncas des violences sexuelles ont augment\u00e9 au niveau de la Rdc \u00e0 cause du manque\nde paix. Les femmes sont celles qui sont les plus expos\u00e9es par rapport au\nph\u00e9nom\u00e8ne \u00ab violence sexuelle \u00bb, a-t-elle indiqu\u00e9 lors de son interview\naccord\u00e9e \u00e0 la presse.<\/p>\n\n\n\n<p>Cette pionni\u00e8re des droits de la femme en Rdc et\nexperte congolaise en genre a fait savoir que les violences sexuelles ont un\nimpact consid\u00e9rable et r\u00e9el aux activit\u00e9s des femmes<strong><em>. \u00ab Si les femmes ne produisent\npas ; si les femmes manquent la paix ; si les femmes ne peuvent pas vaquer \u00e0\nleurs occupations, que \u00e7a soit au niveau de l\u2019Adminis\u00adtration publique, de la\nproduc\u00adtion agricole, ou de la transfor\u00admation, commercialisation des produits,\nnous savons que les familles ne vont pas aussi b\u00e9\u00adn\u00e9ficier du travail de la\nfemme et le d\u00e9veloppement sera de plus en plus lent.<\/em><\/strong> Raison pour\nlaquelle, le domaine de paix et de s\u00e9curit\u00e9 nous int\u00e9resse au plus haut degr\u00e9,\net aussi le domaine d\u2019acc\u00e8s aux services publics de qualit\u00e9 \u00bb, a-t-elle dit.<\/p>\n\n\n\n<p>Elle a \u00e9galement d\u00e9montr\u00e9 que les hommes et les\nfemmes ont des besoins sp\u00e9cifiques. Des besoins qui sont li\u00e9s \u00e0 leur \u00e9tat\nd\u2019\u00eatre homme ou femme. <\/p>\n\n\n\n<p>\u00ab Quand nous donnons des formations en genre,\nnous ex\u00adpliquons que le genre est trans\u00adversal. Le genre touche m\u00eame le domaine\nde r\u00e9habilitation des in\u00adfrastructures socio\u00e9conomiques de base. Aujourd\u2019hui,\nil est prou\u00adv\u00e9 qu\u2019on ne peut pas construire un immeuble sans mettre des all\u00e9es\npour les personnes vivant avec handicap. Parce que nous consid\u00e9rons que le\ngenre c\u2019est aussi la prise en compte d\u2019autres cat\u00e9gories des vuln\u00e9rables. Les\npersonnes vivant avec handicap ont des difficult\u00e9s pour acc\u00e9der aux escaliers.\nIl faut des entr\u00e9es qui leur permettent de monter dans un immeuble. Et aussi\npar rapport aux installations hygi\u00e9\u00adniques, on ne peut pas avoir les m\u00eames\ntoilettes pour les hommes et femmes. Puisque les femmes ont des besoins sp\u00e9\u00adcifiques\nqui sont diff\u00e9rents de ceux des hommes. Donc, il faut des installations\nhygi\u00e9niques qui r\u00e9pondent aux caract\u00e9ris\u00adtiques et aux besoins sp\u00e9ci\u00adfiques des\nfemmes. Aussi par rapport \u00e0 l\u2019acc\u00e8s aux services publics, l\u2019on a remarqu\u00e9 que\nla femme a aussi besoin des ser\u00advices adapt\u00e9s pour exacerber les cas de\nviolence sexuelle \u00bb, a expliqu\u00e9 Mme Jeanne Nzuzi.<\/p>\n\n\n\n<p>Se basant du programme de son organisation la\nCONAFED mis en oeuvre dans la com\u00admune de Kisenso au Nord-Est de la ville de\nKinshasa, elle affirme que des femmes n\u2019ont pas acc\u00e8s \u00e0 l\u2019eau potable, n\u2019ont\npas acc\u00e8s \u00e0 un service renforc\u00e9 pour la s\u00e9curit\u00e9, n\u2019ont pas acc\u00e8s \u00e0\nl\u2019\u00e9lectricit\u00e9, ainsi qu\u2019\u00e0 d\u2019autres services. Et elles font face \u00e0 tant de\nprobl\u00e8mes.<\/p>\n\n\n\n<p>\u00ab Les femmes vont tr\u00e8s loin pour puiser de l\u2019eau\n; les femmes circulent dans des mi\u00adlieux o\u00f9 il y a des \u00e9rosions ; les femmes\ncirculent dans des milieux qui ne sont pas suffi\u00adsamment \u00e9clair\u00e9s. Elles se\nsont expos\u00e9es \u00e0 la merci du ph\u00e9\u00adnom\u00e8ne Kuluna. Raison pour laquelle, nous nous\nsommes investis d\u00e8s aujourd\u2019hui, avec les plaidoyers que les femmes et les jeunes\navaient faits, il y a la Banque mondiale qui va s\u2019investir dans la commune de\nKisenso, pour r\u00e9habiliter les infrastructures, construire des routes, lutter\ncontre les \u00e9ro\u00adsions. Et en ce moment-l\u00e0, nous allons nous dire, comme il y a\nde l\u2019\u00e9lectricit\u00e9, comme on a lut\u00adt\u00e9 contre les \u00e9rosions qui ser\u00advaient des\ncachettes pour les kuluna, nous avons contribu\u00e9 un peu \u00e0 la r\u00e9duction sensible\ndes violences sexuelles. Voil\u00e0 pourquoi nous disons que ce th\u00e8me est venu\nrejoindre ce que nous sommes en train de faire. Et cela nous encourage pour que\ncette lutte soit une lutte pour nous \u00bb, a-t-elle d\u00e9clar\u00e9.<\/p>\n\n\n\n<p>Selon la secr\u00e9taire permanente du CONAFED, on ne\npeut pas faire du d\u00e9veloppement sans la paix. Et, le monde entier, les na\u00adtions\nmilitent pour qu\u2019il y ait une paix durable, a-t-elle rench\u00e9rit. Et d\u2019ajouter\nque la paix durable demande un investissement. <\/p>\n\n\n\n<p>\u00ab On ne peut pas parler de la paix aujourd\u2019hui,\net se dire qu\u2019on ne peut pas pr\u00e9parer le lendemain. Si nous voulons qu\u2019il y ait\nla paix de fa\u00e7on permanente, nous de\u00advons investir. Nous sommes un pays\npost-conflit. Par-ci, par-l\u00e0, il y a encore des tensions. On doit continuer \u00e0\nsensibiliser nos communaut\u00e9s pour une cohabi\u00adtation pacifique, afin que le d\u00e9\u00adveloppement\naussi soit effectif dans nos milieux \u00bb, soutient-elle.<\/p>\n\n\n\n<p><strong><em>Propos recueillis par Lepetit Baende \/Groupe L'Avenir<\/em><\/strong><\/p>\n","protected":false},"excerpt":{"rendered":"<p>Comme chaque ann\u00e9e, le 08 mars courant, l\u2019hu\u00admanit\u00e9 comm\u00e9morera la \u00ab Journ\u00e9e internationale de la femme \u00bb, et tout ce mois de mars est consacr\u00e9 \u00e0 la femme, d\u2019o\u00f9 l\u2019appellation du \u00ab mois de la femme \u00bb. Au ni\u00adveau international, le th\u00e8me retenu pour cette \u00e9dition 2019 est : \u00ab Pensez \u00e9quita\u00adblement, b\u00e2tir intelligemment, innover [&hellip;]<\/p>\n","protected":false},"author":1,"featured_media":807,"comment_status":"open","ping_status":"open","sticky":false,"template":"","format":"standard","meta":[],"categories":[3],"tags":[],"_links":{"self":[{"href":"https:\/\/conafed.org\/index.php\/wp-json\/wp\/v2\/posts\/812"}],"collection":[{"href":"https:\/\/conafed.org\/index.php\/wp-json\/wp\/v2\/posts"}],"about":[{"href":"https:\/\/conafed.org\/index.php\/wp-json\/wp\/v2\/types\/post"}],"author":[{"embeddable":true,"href":"https:\/\/conafed.org\/index.php\/wp-json\/wp\/v2\/users\/1"}],"replies":[{"embeddable":true,"href":"https:\/\/conafed.org\/index.php\/wp-json\/wp\/v2\/comments?post=812"}],"version-history":[{"count":1,"href":"https:\/\/conafed.org\/index.php\/wp-json\/wp\/v2\/posts\/812\/revisions"}],"predecessor-version":[{"id":813,"href":"https:\/\/conafed.org\/index.php\/wp-json\/wp\/v2\/posts\/812\/revisions\/813"}],"wp:featuredmedia":[{"embeddable":true,"href":"https:\/\/conafed.org\/index.php\/wp-json\/wp\/v2\/media\/807"}],"wp:attachment":[{"href":"https:\/\/conafed.org\/index.php\/wp-json\/wp\/v2\/media?parent=812"}],"wp:term":[{"taxonomy":"category","embeddable":true,"href":"https:\/\/conafed.org\/index.php\/wp-json\/wp\/v2\/categories?post=812"},{"taxonomy":"post_tag","embeddable":true,"href":"https:\/\/conafed.org\/index.php\/wp-json\/wp\/v2\/tags?post=812"}],"curies":[{"name":"wp","href":"https:\/\/api.w.org\/{rel}","templated":true}]}}