{"id":882,"date":"2019-04-25T21:43:48","date_gmt":"2019-04-25T19:43:48","guid":{"rendered":"http:\/\/conafed.org\/?p=882"},"modified":"2019-05-10T14:08:14","modified_gmt":"2019-05-10T12:08:14","slug":"dans-un-message-de-paix-lu-devant-la-presse-les-ong-de-la-societe-civile-lancent-un-appel-a-la-conscience-citoyenne-contre-la-haine-tribale","status":"publish","type":"post","link":"https:\/\/conafed.org\/index.php\/2019\/04\/25\/dans-un-message-de-paix-lu-devant-la-presse-les-ong-de-la-societe-civile-lancent-un-appel-a-la-conscience-citoyenne-contre-la-haine-tribale\/","title":{"rendered":"Dans un message de paix lu devant la presse, Les Ong de la soci\u00e9t\u00e9 civile lancent un appel \u00e0 la conscience citoyenne contre la haine tribale"},"content":{"rendered":"\n<figure class=\"wp-block-image\"><img loading=\"lazy\" width=\"720\" height=\"399\" src=\"http:\/\/conafed.org\/wp-content\/uploads\/2019\/04\/OSC-720x399.jpg\" alt=\"\" class=\"wp-image-883\"\/><figcaption>Des repr\u00e9sentants des OSC membres du consortium \u00ab Gouvernance et Dignit\u00e9 pour Tous \u00bb<\/figcaption><\/figure>\n\n\n\n<p>Les\norganisations de la soci\u00e9t\u00e9 civile (OSC) membres du consortium \u00ab&nbsp;<em>Gouvernance et Dignit\u00e9 pour Tous<\/em>&nbsp;\u00bb\nlance un appel \u00e0 la conscience citoyenne, \u00e0 la tol\u00e9rance, \u00e0 l\u2019apaisement\net&nbsp; contre la haine tribale au peuple\ncongolais tout entier, aux m\u00e9dias et aux institutions d\u2019appui \u00e0 la d\u00e9mocratie.\nCela, en rapport avec le contexte socio politique actuel de la R\u00e9publique\nd\u00e9mocratique du Congo.<\/p>\n\n\n\n<p>C\u2019est ce\nqu\u2019ont d\u00e9clar\u00e9 les repr\u00e9sentants de ces organisations dans un message de paix\nlu par le coordonateur de la Nouvelle soci\u00e9t\u00e9 civile congolaise, Jonas Tombela,\nau cours d\u2019une conf\u00e9rence de presse tenue au Centre d\u2019accueil\n\u00ab&nbsp;CARITAS&nbsp;\u00bb, dans la commune de la Gombe.<\/p>\n\n\n\n<p>Il s\u2019agit de\nl\u2019 Association Congolaise pour l\u2019Acc\u00e8s \u00e0 la Justice, ACAJ&nbsp;; du Centre\nd\u2019Etudes Handicap, Justice et R\u00e9solution 1325, CEHAJ 1325&nbsp;; du Comit\u00e9 National\nFemme et D\u00e9veloppement, CONAFED&nbsp;; de Femmes des M\u00e9dias pour la Justice au\nCongo, FMJC&nbsp;; de la Justice et Paix Congo, CEJP&nbsp;; de la Ligue\ndes Jeunes pour la Renaissance du Congo, LYREC&nbsp;; de la Nouvelle Soci\u00e9t\u00e9\nCivile Congolaise, NSSC&nbsp;ainsi que de la Voix des Sans Voix pour les Droits\nde l\u2019Homme, VSV.<\/p>\n\n\n\n<p>Voulant\npr\u00e9venir la r\u00e9surgence de la violence et \u00e9viter que le pays plonge une fois de\nplus dans une crise profonde, les organisations de la soci\u00e9t\u00e9 civile membres du\nConsortium Gouvernance et Dignit\u00e9 pour Tous, condamnent avec la derni\u00e8re\n\u00e9nergie ces d\u00e9riv\u00e9s.<\/p>\n\n\n\n<p>Elles&nbsp; rappellent&nbsp;que la paix et la d\u00e9mocratie\nse construisent avec tous les citoyens de la RDC, quels que soient leurs\ndiff\u00e9rences&nbsp;; leurs origines et leurs d\u00e9saccords. Aussi, \u00ab&nbsp;<em>que les \u00e9lections du 30 d\u00e9cembre 2018 et\nl\u2019alternance politique pacifique au sommet de l\u2019Etat sont des victoires de tous\nles congolais, d\u2019o\u00f9 qu\u2019ils viennent sur le territoire national, quelle que soit\nleur appartenance ethnique ou leur origine&nbsp;; et que l\u2019incitation \u00e0 la\nhaine tribale et la discrimination tombent sous le coup de la loi&nbsp;; elles\nexposent leurs auteurs et complices \u00e0 des poursuites et aux sanctions\njudiciaires aussi bien sur le plan national qu\u2019international<\/em>&nbsp;\u00bb,\nsoulignent-elles dans cette d\u00e9claration. Avant d\u2019ajouter que le peuple\ncongolais reste un et indivisible. Il est engag\u00e9 pour l\u2019instauration d\u2019un\nv\u00e9ritable Etat de droit en RDC et l\u2019am\u00e9lioration de ses conditions de vie.<\/p>\n\n\n\n<p>Ainsi, elles\nrecommandent au gouvernement de mettre en application le discours d\u2019investiture\ndu chef de l\u2019Etat s\u2019agissant de la lutte contre le tribalisme et la\ndivision&nbsp; en vue de consolider la nation congolaise et de reconstruire le\npays. Au Procureur G\u00e9n\u00e9ral, de se saisir d\u2019office de toute personne qui se\nrendrait coupable, complice ou instigateur des actes de haine tribale ou de\nviolence.<\/p>\n\n\n\n<p>Les\ndirigeants de tous les partis politiques, toute tendance confondue, sont\nappel\u00e9s \u00e0 condamner la mont\u00e9e de la haine, des actes et violences \u00e0 caract\u00e8re\ntribal, d\u2019intol\u00e9rance politique et d\u2019incitation \u00e0 de tels actes. Par cons\u00e9quent\nil leur est demand\u00e9 d\u2019\u00e9duquer leurs membres et leurs militants \u00e0 la culture de\nla paix, \u00e0 la non-violence et \u00e0 des revendications pacifiques&nbsp;en vue de\npromouvoir le patriotisme et de contribuer \u00e0 la reconstruction de la nation.<\/p>\n\n\n\n<p>Aux Leaders\nCommunautaires et religieux, la soci\u00e9t\u00e9 civile leur recommande de faire bannir\naupr\u00e8s des populations \u00e0 la base, tout comportement ou discours haineux,\ntribaliste et x\u00e9nophobe et de les \u00e9duquer&nbsp;\n\u00e0 promouvoir le vivre ensemble et la paix, des valeurs qui sont des\nfacteurs-cl\u00e9 du d\u00e9veloppement radieux pour la nation Congolaise.<\/p>\n\n\n\n<p>Vu le r\u00f4le\nimportant que jouent les m\u00e9dias dans la soci\u00e9t\u00e9, les Ong membres de ce\nconsortium demandent au Conseil sup\u00e9rieur de l\u2019audiovisuel et de la\ncommunication (CSAC), d\u2019appliquer le Droit et de prendre toutes les mesures\nn\u00e9cessaires afin de tenir responsable les auteurs de ces propos et d\u2019en\npr\u00e9venir la diffusion&nbsp;; de promouvoir le patriotisme et la culture de la\npaix. Et aux m\u00e9dias d\u2019intensifier les messages d\u2019unit\u00e9, de la paix, de\ntol\u00e9rance, de coh\u00e9sion nationale et de la reconstruction du pays.<\/p>\n\n\n\n<p>Il sied de signaler que cette conf\u00e9rence de presse a \u00e9t\u00e9 anim\u00e9e tour \u00e0 tour par MM. Jonas Tombela de la NSCC, de Me Justus de LYREC, de Rodin Muvuyu du CONAFED et Mme Keneth Enim de FMJC.<\/p>\n\n\n\n<figure class=\"wp-block-image\"><img loading=\"lazy\" width=\"720\" height=\"399\" src=\"http:\/\/conafed.org\/wp-content\/uploads\/2019\/04\/OSC12-720x399.jpg\" alt=\"\" class=\"wp-image-884\"\/><\/figure>\n\n\n\n<p><strong>G\u00e9nie Mulobo<\/strong><\/p>\n","protected":false},"excerpt":{"rendered":"<p>Les organisations de la soci\u00e9t\u00e9 civile (OSC) membres du consortium \u00ab&nbsp;Gouvernance et Dignit\u00e9 pour Tous&nbsp;\u00bb lance un appel \u00e0 la conscience citoyenne, \u00e0 la tol\u00e9rance, \u00e0 l\u2019apaisement et&nbsp; contre la haine tribale au peuple congolais tout entier, aux m\u00e9dias et aux institutions d\u2019appui \u00e0 la d\u00e9mocratie. Cela, en rapport avec le contexte socio politique actuel [&hellip;]<\/p>\n","protected":false},"author":1,"featured_media":883,"comment_status":"open","ping_status":"open","sticky":false,"template":"","format":"standard","meta":[],"categories":[3,2,4,10],"tags":[],"_links":{"self":[{"href":"https:\/\/conafed.org\/index.php\/wp-json\/wp\/v2\/posts\/882"}],"collection":[{"href":"https:\/\/conafed.org\/index.php\/wp-json\/wp\/v2\/posts"}],"about":[{"href":"https:\/\/conafed.org\/index.php\/wp-json\/wp\/v2\/types\/post"}],"author":[{"embeddable":true,"href":"https:\/\/conafed.org\/index.php\/wp-json\/wp\/v2\/users\/1"}],"replies":[{"embeddable":true,"href":"https:\/\/conafed.org\/index.php\/wp-json\/wp\/v2\/comments?post=882"}],"version-history":[{"count":1,"href":"https:\/\/conafed.org\/index.php\/wp-json\/wp\/v2\/posts\/882\/revisions"}],"predecessor-version":[{"id":885,"href":"https:\/\/conafed.org\/index.php\/wp-json\/wp\/v2\/posts\/882\/revisions\/885"}],"wp:featuredmedia":[{"embeddable":true,"href":"https:\/\/conafed.org\/index.php\/wp-json\/wp\/v2\/media\/883"}],"wp:attachment":[{"href":"https:\/\/conafed.org\/index.php\/wp-json\/wp\/v2\/media?parent=882"}],"wp:term":[{"taxonomy":"category","embeddable":true,"href":"https:\/\/conafed.org\/index.php\/wp-json\/wp\/v2\/categories?post=882"},{"taxonomy":"post_tag","embeddable":true,"href":"https:\/\/conafed.org\/index.php\/wp-json\/wp\/v2\/tags?post=882"}],"curies":[{"name":"wp","href":"https:\/\/api.w.org\/{rel}","templated":true}]}}