{"id":891,"date":"2019-04-25T21:51:20","date_gmt":"2019-04-25T19:51:20","guid":{"rendered":"http:\/\/conafed.org\/?p=891"},"modified":"2019-04-25T21:51:23","modified_gmt":"2019-04-25T19:51:23","slug":"les-droits-des-femmes-jeunes-et-personnes-handicapees-au-centre-des-discussions","status":"publish","type":"post","link":"https:\/\/conafed.org\/index.php\/2019\/04\/25\/les-droits-des-femmes-jeunes-et-personnes-handicapees-au-centre-des-discussions\/","title":{"rendered":"Les droits des femmes, jeunes et personnes handicap\u00e9es au centre des discussions"},"content":{"rendered":"\n<p><strong>Du 15 au 16 mars 2019 au Centre des handicap\u00e9s physiques<\/strong><\/p>\n\n\n\n<figure class=\"wp-block-image\"><img loading=\"lazy\" width=\"720\" height=\"399\" src=\"http:\/\/conafed.org\/wp-content\/uploads\/2019\/04\/Brigitte-720x399.jpg\" alt=\"\" class=\"wp-image-892\"\/><figcaption>Mme Brigitte Iyeli, Repr\u00e9sentante de Diakonia<\/figcaption><\/figure>\n\n\n\n<p>Avec l\u2019appui de\nDiakonia \u00e0 travers l\u2019ambassade de Su\u00e8de, le Centre d\u2019Etudes sur Handicap\nJustice et R\u00e9solution 1325 (CEHAJ 1325), une organisation de la soci\u00e9t\u00e9 civile\nque dirige Me Ir\u00e8ne Esambo a tenu du 15 au 16 mars dernier, un atelier de pr\u00e9\nvalidation des outils d\u2019\u00e9ducation civique int\u00e9grant les droits des femmes,\njeunes et personnes handicap\u00e9es par les acteurs de la soci\u00e9t\u00e9 civile.<\/p>\n\n\n\n<p>Dans son\nintervention, Me Ir\u00e8ne Esambo a d\u00e9clar\u00e9 que la soci\u00e9t\u00e9 civile souhaite voir les\njeunes occuper leur place sur le plan de d\u00e9veloppement d\u2019ici 2030, surtout les\nfemmes dans les diff\u00e9rents postes au sein du gouvernement. \u00ab&nbsp;<em>La RDC est pays \u00ab&nbsp;genr\u00e9&nbsp;\u00bb mais on\nne retrouve pas assez de femmes dans des postes de prise de d\u00e9cision<\/em>&nbsp;\u00bb,\na-t-elle fait savoir. Elle a ajout\u00e9 qu\u2019il n\u00e9cessite une forte sensibilisation\net vulgarisation de la R\u00e9solution 1325 au sein de la population&nbsp; congolaise.<\/p>\n\n\n\n<p>Me Ir\u00e8ne a\n\u00e9galement abord\u00e9 la question sur l\u2019\u00e9tat de mise en \u0153uvre de la Convention sur\nles droits des personnes handicap\u00e9es par le gouvernement. Cette convention\nadopt\u00e9e par la RDC en 2013, a pour objectif d\u2019aider la personne handicap\u00e9e \u00e0\ns\u2019\u00e9panouir comme toute autre personne dans la soci\u00e9t\u00e9. <\/p>\n\n\n\n<figure class=\"wp-block-image\"><img loading=\"lazy\" width=\"720\" height=\"399\" src=\"http:\/\/conafed.org\/wp-content\/uploads\/2019\/04\/participants-720x399.jpg\" alt=\"\" class=\"wp-image-893\"\/><figcaption>Une vue de participants en atelier<\/figcaption><\/figure>\n\n\n\n<p>Interrog\u00e9e sur\nson organisation, la Repr\u00e9sentante de Diakonia, Mme Brigitte\nIyeli&nbsp;s\u2019exprime : \u00ab&nbsp;<em>Nous ne\nsommes pas sur terrain&nbsp; mais nous\nintervenons \u00e0 travers les organisations de la soci\u00e9t\u00e9 civile, sur le\nrenforcement des capacit\u00e9s des organisations de la soci\u00e9t\u00e9 civile qui sont nos\npartenaires. Nous \u00e9talons nos activit\u00e9s sur un plan strat\u00e9gique. Pour le\nmoment, nous sommes \u00e0 la quatri\u00e8me ann\u00e9e de notre plan strat\u00e9gique quinquennal.\nUne attention particuli\u00e8re \u00e0 la question de genre car, nous voulons accroitre\nla participation politique de la femme, amener la femme \u00e0 une autonomisation\n\u00e9conomique. Aussi, nous pr\u00f4nons le genre, c\u2019est-\u00e0-dire l\u2019\u00e9galit\u00e9 de sexe dans\nle sens de la construction sociale pour donner les m\u00eames chances \u00e0 la femme et\n\u00e0 l\u2019homme au sein de la soci\u00e9t\u00e9&nbsp;<\/em>\u00bb.<\/p>\n\n\n\n<p>Pour le Repr\u00e9sentant de la Commission des droits de l\u2019homme, cette activit\u00e9 s\u2019inscrit dans la logique de son organisation qui a la charge d\u2019accompagner toutes les associations des femmes dans le domaine des droits de l\u2019homme et \u00e9ducation civique. \u00ab Nous devons leur porter main forte, les soutenir dans cette grande initiative sur la question de droits de l\u2019homme. Car, \u00ab promouvoir les droits des personnes \u00bb c\u2019est notre objectif principal \u00bb, a-t-il dit.<\/p>\n\n\n\n<p><strong>G\u00e9nie Mulobo<\/strong><\/p>\n","protected":false},"excerpt":{"rendered":"<p>Du 15 au 16 mars 2019 au Centre des handicap\u00e9s physiques Avec l\u2019appui de Diakonia \u00e0 travers l\u2019ambassade de Su\u00e8de, le Centre d\u2019Etudes sur Handicap Justice et R\u00e9solution 1325 (CEHAJ 1325), une organisation de la soci\u00e9t\u00e9 civile que dirige Me Ir\u00e8ne Esambo a tenu du 15 au 16 mars dernier, un atelier de pr\u00e9 validation [&hellip;]<\/p>\n","protected":false},"author":1,"featured_media":892,"comment_status":"open","ping_status":"open","sticky":false,"template":"","format":"standard","meta":[],"categories":[3,2,4],"tags":[],"_links":{"self":[{"href":"https:\/\/conafed.org\/index.php\/wp-json\/wp\/v2\/posts\/891"}],"collection":[{"href":"https:\/\/conafed.org\/index.php\/wp-json\/wp\/v2\/posts"}],"about":[{"href":"https:\/\/conafed.org\/index.php\/wp-json\/wp\/v2\/types\/post"}],"author":[{"embeddable":true,"href":"https:\/\/conafed.org\/index.php\/wp-json\/wp\/v2\/users\/1"}],"replies":[{"embeddable":true,"href":"https:\/\/conafed.org\/index.php\/wp-json\/wp\/v2\/comments?post=891"}],"version-history":[{"count":1,"href":"https:\/\/conafed.org\/index.php\/wp-json\/wp\/v2\/posts\/891\/revisions"}],"predecessor-version":[{"id":894,"href":"https:\/\/conafed.org\/index.php\/wp-json\/wp\/v2\/posts\/891\/revisions\/894"}],"wp:featuredmedia":[{"embeddable":true,"href":"https:\/\/conafed.org\/index.php\/wp-json\/wp\/v2\/media\/892"}],"wp:attachment":[{"href":"https:\/\/conafed.org\/index.php\/wp-json\/wp\/v2\/media?parent=891"}],"wp:term":[{"taxonomy":"category","embeddable":true,"href":"https:\/\/conafed.org\/index.php\/wp-json\/wp\/v2\/categories?post=891"},{"taxonomy":"post_tag","embeddable":true,"href":"https:\/\/conafed.org\/index.php\/wp-json\/wp\/v2\/tags?post=891"}],"curies":[{"name":"wp","href":"https:\/\/api.w.org\/{rel}","templated":true}]}}