{"id":927,"date":"2019-05-10T13:20:55","date_gmt":"2019-05-10T11:20:55","guid":{"rendered":"http:\/\/conafed.org\/?p=927"},"modified":"2019-05-10T13:58:45","modified_gmt":"2019-05-10T11:58:45","slug":"une-mission-dechanges-et-dexperiences-entre-la-societe-civile-de-la-rdc-et-celle-de-ouagadougou-avec-lappui-de-diakonia","status":"publish","type":"post","link":"https:\/\/conafed.org\/index.php\/2019\/05\/10\/une-mission-dechanges-et-dexperiences-entre-la-societe-civile-de-la-rdc-et-celle-de-ouagadougou-avec-lappui-de-diakonia\/","title":{"rendered":"Une mission d\u2019\u00e9change d\u2019exp\u00e9riences entre la soci\u00e9t\u00e9 civile de la RDC et celle du Burkina Faso \u00e0 Ouagadougou (avec l\u2019appui de DIAKONIA)"},"content":{"rendered":"\n<figure class=\"wp-block-image\"><img loading=\"lazy\" width=\"720\" height=\"399\" src=\"http:\/\/conafed.org\/wp-content\/uploads\/2019\/05\/9.-CBDF-Ong-720x399.jpg\" alt=\"\" class=\"wp-image-932\"\/><\/figure>\n\n\n\n<p>Du 27 avril au 6 mai 2019, une \u00e9quipe de la soci\u00e9t\u00e9 civile accompagn\u00e9e par Diakonia\/RDC a effectu\u00e9e une mission d\u2019\u00e9change d\u2019exp\u00e9riences en mati\u00e8re de genre, participation politique, \u00e9lection, gouvernance et d\u00e9mocratie, \u00e0 Ouagadougou, au Burkina-Faso. Cette d\u00e9l\u00e9gation \u00e9tait compos\u00e9e de Diakonia, Cadre National de Concertation de la soci\u00e9t\u00e9 civile, CONAFED, la Nouvelle Soci\u00e9t\u00e9 Civile, FMJC, LYREC. CEHAJ1325, tous partenaires de l\u2019Ong su\u00e9doise DIAKONIA dans le cadre des projets CIVSAM et EOS.<\/p>\n\n\n\n<figure class=\"wp-block-image\"><img loading=\"lazy\" width=\"720\" height=\"399\" src=\"http:\/\/conafed.org\/wp-content\/uploads\/2019\/05\/2.-Bureau-ADEP-Ong-720x399.jpg\" alt=\"\" class=\"wp-image-931\"\/><\/figure>\n\n\n\n<p>Signalons que ce programme de 5 ans \u00e0 savoir : de 2016 \u00e0 2020, a 8 partenaires de mise en \u0153uvre qui travaillent pour am\u00e9liorer l\u2019acc\u00e8s aux services sociaux de base (\u00e9ducation, sant\u00e9,\u2026) avec les actions de plaidoyers, monitoring des politiques publiques dont les citoyens, capacit\u00e9s, r\u00e9coltes des donn\u00e9es sur la mise en \u0153uvre desdites politiques. Ce programme travaille aussi sur la r\u00e9partition \u00e9quitable des ressources nationales, avec les entreprises publiques, a conduit \u00e0 la &nbsp;mise en \u0153uvre des cadres de dialogues communautaires. <\/p>\n\n\n\n<p>Les secteurs prioritaires concern\u00e9s dans ce programme sont : \u00e9ducation, sant\u00e9, agriculture, formation professionnelle, \u2026et sont choisis en fonction de l\u2019intensit\u00e9 des probl\u00e9matiques pos\u00e9es dans la communaut\u00e9.<\/p>\n\n\n\n<p>Le monitoring\nest fait avec les Osc qui donnent l\u2019information \u00e0 la population et&nbsp; organisent les citoyens en &nbsp;comit\u00e9s communautaires de monitoring. Les acteurs\nde ces Osc sont renforc\u00e9s en suivi des politiques publiques et vont ensuite\ndans les entit\u00e9s pour informer la population et collecter les donn\u00e9es sur la\nmise en \u0153uvre desdites politiques. Ces donn\u00e9es ainsi collect\u00e9s sont analys\u00e9es\npar croisement et sont coul\u00e9es dans &nbsp;des\ndocuments sous forme analytique pour \u00eatre pr\u00e9senter et discut\u00e9s aux sessions\ndes conseils municipaux, o\u00f9 &nbsp;les \u00e9carts\nentre les &nbsp;pr\u00e9visions et les r\u00e9alisations\ntout comme &nbsp;des recommandations sont\nact\u00e9es. Ce travail qui ne consiste pas qu\u2019\u00e0 des revendications, met l\u2019accent\naussi sur un r\u00f4le d\u2019accompagnement.<\/p>\n\n\n\n<p>G\u00e9nie Mulobo<\/p>\n\n\n\n<p><\/p>\n\n\n\n<p><\/p>\n","protected":false},"excerpt":{"rendered":"<p>Du 27 avril au 6 mai 2019, une \u00e9quipe de la soci\u00e9t\u00e9 civile accompagn\u00e9e par Diakonia\/RDC a effectu\u00e9e une mission d\u2019\u00e9change d\u2019exp\u00e9riences en mati\u00e8re de genre, participation politique, \u00e9lection, gouvernance et d\u00e9mocratie, \u00e0 Ouagadougou, au Burkina-Faso. Cette d\u00e9l\u00e9gation \u00e9tait compos\u00e9e de Diakonia, Cadre National de Concertation de la soci\u00e9t\u00e9 civile, CONAFED, la Nouvelle Soci\u00e9t\u00e9 Civile, [&hellip;]<\/p>\n","protected":false},"author":1,"featured_media":932,"comment_status":"open","ping_status":"open","sticky":true,"template":"","format":"standard","meta":[],"categories":[3],"tags":[],"_links":{"self":[{"href":"https:\/\/conafed.org\/index.php\/wp-json\/wp\/v2\/posts\/927"}],"collection":[{"href":"https:\/\/conafed.org\/index.php\/wp-json\/wp\/v2\/posts"}],"about":[{"href":"https:\/\/conafed.org\/index.php\/wp-json\/wp\/v2\/types\/post"}],"author":[{"embeddable":true,"href":"https:\/\/conafed.org\/index.php\/wp-json\/wp\/v2\/users\/1"}],"replies":[{"embeddable":true,"href":"https:\/\/conafed.org\/index.php\/wp-json\/wp\/v2\/comments?post=927"}],"version-history":[{"count":4,"href":"https:\/\/conafed.org\/index.php\/wp-json\/wp\/v2\/posts\/927\/revisions"}],"predecessor-version":[{"id":936,"href":"https:\/\/conafed.org\/index.php\/wp-json\/wp\/v2\/posts\/927\/revisions\/936"}],"wp:featuredmedia":[{"embeddable":true,"href":"https:\/\/conafed.org\/index.php\/wp-json\/wp\/v2\/media\/932"}],"wp:attachment":[{"href":"https:\/\/conafed.org\/index.php\/wp-json\/wp\/v2\/media?parent=927"}],"wp:term":[{"taxonomy":"category","embeddable":true,"href":"https:\/\/conafed.org\/index.php\/wp-json\/wp\/v2\/categories?post=927"},{"taxonomy":"post_tag","embeddable":true,"href":"https:\/\/conafed.org\/index.php\/wp-json\/wp\/v2\/tags?post=927"}],"curies":[{"name":"wp","href":"https:\/\/api.w.org\/{rel}","templated":true}]}}